
{"id":54873,"date":"2016-01-09T00:13:30","date_gmt":"2016-01-09T03:13:30","guid":{"rendered":"http:\/\/www.sudoestehoje.com.br\/novoportal\/?p=54873"},"modified":"2016-01-09T00:13:30","modified_gmt":"2016-01-09T03:13:30","slug":"itororo-psf-anexo-ao-hospital-sera-inaugurado-no-dia-15-de-janeiro","status":"publish","type":"post","link":"https:\/\/www.sudoestehoje.com.br\/novoportal\/2016\/01\/09\/itororo-psf-anexo-ao-hospital-sera-inaugurado-no-dia-15-de-janeiro\/","title":{"rendered":"ITOROR\u00d3: PSF ANEXO AO HOSPITAL SER\u00c1 INAUGURADO NO DIA 15 DE JANEIRO"},"content":{"rendered":"<p><a href=\"http:\/\/www.sudoestehoje.com.br\/novoportal\/wp-content\/uploads\/2016\/01\/psf-ito.jpg\"><img loading=\"lazy\" decoding=\"async\" class=\"aligncenter size-medium wp-image-54874\" src=\"http:\/\/www.sudoestehoje.com.br\/novoportal\/wp-content\/uploads\/2016\/01\/psf-ito-500x281.jpg\" alt=\"psf-ito\" width=\"500\" height=\"281\" srcset=\"https:\/\/www.sudoestehoje.com.br\/novoportal\/wp-content\/uploads\/2016\/01\/psf-ito-500x281.jpg 500w, https:\/\/www.sudoestehoje.com.br\/novoportal\/wp-content\/uploads\/2016\/01\/psf-ito-700x394.jpg 700w, https:\/\/www.sudoestehoje.com.br\/novoportal\/wp-content\/uploads\/2016\/01\/psf-ito.jpg 960w\" sizes=\"auto, (max-width: 500px) 100vw, 500px\" \/><\/a><\/p>\n<p>No pr\u00f3ximo dia 15, a popula\u00e7\u00e3o de Itoror\u00f3 vai receber o PSF Fernando Arag\u00e3o, constru\u00eddo em anexo ao Hospital e Maternidade da cidade, o novo necrot\u00e9rio e a nova farm\u00e1cia que tamb\u00e9m contar\u00e1 com almoxarifado para armazenamento de materiais descart\u00e1veis e de limpeza; sendo que essa \u00e9 a primeira etapa conclu\u00edda do complexo do Hospital que est\u00e1 passando por uma reforma geral desde o m\u00eas de julho e est\u00e1 fechado deste \u00e0 tarde desta ter\u00e7a-feira, 05.<\/p>\n<p>O secret\u00e1rio de sa\u00fade Marcelo Andrade abra\u00e7ou a causa do Hospital e conseguiu uma verba destinada \u00e0 sa\u00fade de Itoror\u00f3 e que ser\u00e1 tamb\u00e9m usada para as obras no Hospital. Verba essa resultado de uma Emenda de 2015 viabilizada pelo itororoense e deputado federal S\u00e9rgio Brito no valor de R$ 1 milh\u00e3o de reais que est\u00e3o sendo recebidos pela sa\u00fade municipal e investido nas obras.\u00a0Itoror\u00f3 J\u00e1<\/p>\n<p><img decoding=\"async\" class=\"aligncenter\" src=\"http:\/\/www.sudoestehoje.com.br\/novoportal\/wp-content\/uploads\/2015\/07\/%C3%93TICA-ITAPUAN-BANNER1-500x179.jpg\" alt=\"\u00d3TICA-ITAPUAN-BANNER1\" \/><\/p>\n","protected":false},"excerpt":{"rendered":"<p>No pr\u00f3ximo dia 15, a popula\u00e7\u00e3o de Itoror\u00f3 vai receber o PSF Fernando Arag\u00e3o, constru\u00eddo em anexo ao Hospital e Maternidade da cidade, o novo necrot\u00e9rio e a nova farm\u00e1cia que tamb\u00e9m contar\u00e1 com almoxarifado para armazenamento de materiais descart\u00e1veis e de limpeza; sendo que essa \u00e9 a primeira etapa conclu\u00edda do complexo do Hospital [&hellip;]<\/p>\n","protected":false},"author":2,"featured_media":0,"comment_status":"open","ping_status":"open","sticky":false,"template":"","format":"standard","meta":{"footnotes":"","_links_to":"","_links_to_target":""},"categories":[1],"tags":[],"class_list":["post-54873","post","type-post","status-publish","format-standard","hentry","category-geral"],"views":1655,"_links":{"self":[{"href":"https:\/\/www.sudoestehoje.com.br\/novoportal\/wp-json\/wp\/v2\/posts\/54873","targetHints":{"allow":["GET"]}}],"collection":[{"href":"https:\/\/www.sudoestehoje.com.br\/novoportal\/wp-json\/wp\/v2\/posts"}],"about":[{"href":"https:\/\/www.sudoestehoje.com.br\/novoportal\/wp-json\/wp\/v2\/types\/post"}],"author":[{"embeddable":true,"href":"https:\/\/www.sudoestehoje.com.br\/novoportal\/wp-json\/wp\/v2\/users\/2"}],"replies":[{"embeddable":true,"href":"https:\/\/www.sudoestehoje.com.br\/novoportal\/wp-json\/wp\/v2\/comments?post=54873"}],"version-history":[{"count":1,"href":"https:\/\/www.sudoestehoje.com.br\/novoportal\/wp-json\/wp\/v2\/posts\/54873\/revisions"}],"predecessor-version":[{"id":54875,"href":"https:\/\/www.sudoestehoje.com.br\/novoportal\/wp-json\/wp\/v2\/posts\/54873\/revisions\/54875"}],"wp:attachment":[{"href":"https:\/\/www.sudoestehoje.com.br\/novoportal\/wp-json\/wp\/v2\/media?parent=54873"}],"wp:term":[{"taxonomy":"category","embeddable":true,"href":"https:\/\/www.sudoestehoje.com.br\/novoportal\/wp-json\/wp\/v2\/categories?post=54873"},{"taxonomy":"post_tag","embeddable":true,"href":"https:\/\/www.sudoestehoje.com.br\/novoportal\/wp-json\/wp\/v2\/tags?post=54873"}],"curies":[{"name":"wp","href":"https:\/\/api.w.org\/{rel}","templated":true}]}}