
{"id":5486,"date":"2011-06-05T18:35:23","date_gmt":"2011-06-05T21:35:23","guid":{"rendered":"http:\/\/www.sudoestehoje.com.br\/novoportal\/?p=5486"},"modified":"2011-06-05T18:35:23","modified_gmt":"2011-06-05T21:35:23","slug":"corpo-de-luiz-eduardo-sera-exumado-em-agosto","status":"publish","type":"post","link":"https:\/\/www.sudoestehoje.com.br\/novoportal\/2011\/06\/05\/corpo-de-luiz-eduardo-sera-exumado-em-agosto\/","title":{"rendered":"CORPO DE LUIZ EDUARDO SER\u00c1 EXUMADO EM AGOSTO"},"content":{"rendered":"<p style=\"text-align: center;\"><em><strong><img loading=\"lazy\" decoding=\"async\" src=\"http:\/\/www.bahianoticias.com.br\/fotos\/editor\/Image\/380X280\/simea_antun_luis_eduardo_magalhaes_fotos_ricardo_stuckert.jpg\" alt=\"\" width=\"380\" height=\"280\" \/><br \/>\nSim\u00e9a Antun diz ter filho do deputado, ap\u00f3s 9 anos de relacionamento <\/strong><\/em><\/p>\n<p>\u00a0<\/p>\n<p>O corpo do deputado Lu\u00eds Eduardo Magalh\u00e3es, morto em 1998, aos 43 anos, ser\u00e1 exumado no pr\u00f3ximo dia 9 de agosto, conforme a coluna Panorama da revista Veja desta semana. De acordo com a publica\u00e7\u00e3o, o parlamentar ser\u00e1 desenterrado da sua l\u00e1pide, no Cemit\u00e9rio do Campo Santo, em Salvador, por determina\u00e7\u00e3o da 12\u00aa Vara da Fam\u00edlia da Justi\u00e7a da Bahia, para que sejam realizados testes de DNA.<\/p>\n<p>O c\u00f3digo gen\u00e9tico de Lu\u00eds Eduardo ser\u00e1 comparado ao de um jovem brasiliense, de 16 anos, que seria seu filho. A m\u00e3e do rapaz, Sim\u00e9a Antun, ex-modelo e recepcionista, afirma ter mantido relacionamento por nove anos com o deputado. Segundo a Veja, os testes poderiam ser realizados com amostras de sangue de um dos seus tr\u00eas filhos leg\u00edtimos, mas eles se recusaram a ceder o material. BN<\/p>\n","protected":false},"excerpt":{"rendered":"<p>Sim\u00e9a Antun diz ter filho do deputado, ap\u00f3s 9 anos de relacionamento \u00a0 O corpo do deputado Lu\u00eds Eduardo Magalh\u00e3es, morto em 1998, aos 43 anos, ser\u00e1 exumado no pr\u00f3ximo dia 9 de agosto, conforme a coluna Panorama da revista Veja desta semana. De acordo com a publica\u00e7\u00e3o, o parlamentar ser\u00e1 desenterrado da sua l\u00e1pide, [&hellip;]<\/p>\n","protected":false},"author":2,"featured_media":0,"comment_status":"open","ping_status":"open","sticky":false,"template":"","format":"standard","meta":{"footnotes":"","_links_to":"","_links_to_target":""},"categories":[1],"tags":[],"class_list":["post-5486","post","type-post","status-publish","format-standard","hentry","category-geral"],"views":1482,"_links":{"self":[{"href":"https:\/\/www.sudoestehoje.com.br\/novoportal\/wp-json\/wp\/v2\/posts\/5486","targetHints":{"allow":["GET"]}}],"collection":[{"href":"https:\/\/www.sudoestehoje.com.br\/novoportal\/wp-json\/wp\/v2\/posts"}],"about":[{"href":"https:\/\/www.sudoestehoje.com.br\/novoportal\/wp-json\/wp\/v2\/types\/post"}],"author":[{"embeddable":true,"href":"https:\/\/www.sudoestehoje.com.br\/novoportal\/wp-json\/wp\/v2\/users\/2"}],"replies":[{"embeddable":true,"href":"https:\/\/www.sudoestehoje.com.br\/novoportal\/wp-json\/wp\/v2\/comments?post=5486"}],"version-history":[{"count":3,"href":"https:\/\/www.sudoestehoje.com.br\/novoportal\/wp-json\/wp\/v2\/posts\/5486\/revisions"}],"predecessor-version":[{"id":5490,"href":"https:\/\/www.sudoestehoje.com.br\/novoportal\/wp-json\/wp\/v2\/posts\/5486\/revisions\/5490"}],"wp:attachment":[{"href":"https:\/\/www.sudoestehoje.com.br\/novoportal\/wp-json\/wp\/v2\/media?parent=5486"}],"wp:term":[{"taxonomy":"category","embeddable":true,"href":"https:\/\/www.sudoestehoje.com.br\/novoportal\/wp-json\/wp\/v2\/categories?post=5486"},{"taxonomy":"post_tag","embeddable":true,"href":"https:\/\/www.sudoestehoje.com.br\/novoportal\/wp-json\/wp\/v2\/tags?post=5486"}],"curies":[{"name":"wp","href":"https:\/\/api.w.org\/{rel}","templated":true}]}}