
{"id":54846,"date":"2016-01-07T17:58:32","date_gmt":"2016-01-07T20:58:32","guid":{"rendered":"http:\/\/www.sudoestehoje.com.br\/novoportal\/?p=54846"},"modified":"2016-01-07T21:14:42","modified_gmt":"2016-01-08T00:14:42","slug":"jose-de-abreu-ofende-senador-da-rede-e-pode-ser-processado","status":"publish","type":"post","link":"https:\/\/www.sudoestehoje.com.br\/novoportal\/2016\/01\/07\/jose-de-abreu-ofende-senador-da-rede-e-pode-ser-processado\/","title":{"rendered":"JOS\u00c9 DE ABREU OFENDE SENADOR DA REDE E PODE SER PROCESSADO"},"content":{"rendered":"<p><a href=\"http:\/\/www.sudoestehoje.com.br\/novoportal\/wp-content\/uploads\/2016\/01\/ze.jpg\"><img loading=\"lazy\" decoding=\"async\" class=\"  wp-image-54847 alignright\" src=\"http:\/\/www.sudoestehoje.com.br\/novoportal\/wp-content\/uploads\/2016\/01\/ze.jpg\" alt=\"ze\" width=\"350\" height=\"225\" \/><\/a><\/p>\n<p>O ator Jos\u00e9 de Abreu disparou no Twitter e chamou o\u00a0senador Randolfe Rodrigues (Rede-AP) de \u201chip\u00f3crita safado por causa da den\u00fancia de que o pol\u00edtico teria recebido propina do doleiro Alberto Youssef.<\/p>\n<p>Indignado, o senador amea\u00e7ou processar o ator global. Ele alega que a investiga\u00e7\u00e3o foi arquivada ap\u00f3s Youssef afirmar que n\u00e3o conhece o senador e n\u00e3o aceita ser acusado. \u201cVou decidir com meus advogados o melhor encaminhamento, mas devo fazer uma interpela\u00e7\u00e3o judicial\u201d, disse Randolfe \u00e0 Folha de S. Paulo.<\/p>\n<p>Procurado, o ator n\u00e3o quis comentar o caso. \u201cN\u00e3o dou picadeiro a palha\u00e7o\u201d, alfinetou. Na rede social, Randolfe respondeu que o \u201cbaixo n\u00edvel\u201d de Abreu j\u00e1 \u00e9 not\u00f3rio na Rede Globo.<\/p>\n<p>\u00c0 publica\u00e7\u00e3o, o senador disse que a briga foi \u201cagress\u00e3o de baixo n\u00edvel\u201d. \u201cAprendi na terra em que nasci e com meus pais que ningu\u00e9m chama o outro de safado e fica impune\u201d, justificou. Bahia Not\u00edcias.<\/p>\n<p><img decoding=\"async\" class=\"aligncenter\" src=\"http:\/\/www.sudoestehoje.com.br\/novoportal\/wp-content\/uploads\/2015\/12\/SKALA-NATAL-11-500x186.jpg\" alt=\"SKALA NATAL 1\" \/><\/p>\n","protected":false},"excerpt":{"rendered":"<p>O ator Jos\u00e9 de Abreu disparou no Twitter e chamou o\u00a0senador Randolfe Rodrigues (Rede-AP) de \u201chip\u00f3crita safado por causa da den\u00fancia de que o pol\u00edtico teria recebido propina do doleiro Alberto Youssef. Indignado, o senador amea\u00e7ou processar o ator global. Ele alega que a investiga\u00e7\u00e3o foi arquivada ap\u00f3s Youssef afirmar que n\u00e3o conhece o senador [&hellip;]<\/p>\n","protected":false},"author":2,"featured_media":0,"comment_status":"open","ping_status":"open","sticky":false,"template":"","format":"standard","meta":{"footnotes":"","_links_to":"","_links_to_target":""},"categories":[1],"tags":[],"class_list":["post-54846","post","type-post","status-publish","format-standard","hentry","category-geral"],"views":1474,"_links":{"self":[{"href":"https:\/\/www.sudoestehoje.com.br\/novoportal\/wp-json\/wp\/v2\/posts\/54846","targetHints":{"allow":["GET"]}}],"collection":[{"href":"https:\/\/www.sudoestehoje.com.br\/novoportal\/wp-json\/wp\/v2\/posts"}],"about":[{"href":"https:\/\/www.sudoestehoje.com.br\/novoportal\/wp-json\/wp\/v2\/types\/post"}],"author":[{"embeddable":true,"href":"https:\/\/www.sudoestehoje.com.br\/novoportal\/wp-json\/wp\/v2\/users\/2"}],"replies":[{"embeddable":true,"href":"https:\/\/www.sudoestehoje.com.br\/novoportal\/wp-json\/wp\/v2\/comments?post=54846"}],"version-history":[{"count":3,"href":"https:\/\/www.sudoestehoje.com.br\/novoportal\/wp-json\/wp\/v2\/posts\/54846\/revisions"}],"predecessor-version":[{"id":54859,"href":"https:\/\/www.sudoestehoje.com.br\/novoportal\/wp-json\/wp\/v2\/posts\/54846\/revisions\/54859"}],"wp:attachment":[{"href":"https:\/\/www.sudoestehoje.com.br\/novoportal\/wp-json\/wp\/v2\/media?parent=54846"}],"wp:term":[{"taxonomy":"category","embeddable":true,"href":"https:\/\/www.sudoestehoje.com.br\/novoportal\/wp-json\/wp\/v2\/categories?post=54846"},{"taxonomy":"post_tag","embeddable":true,"href":"https:\/\/www.sudoestehoje.com.br\/novoportal\/wp-json\/wp\/v2\/tags?post=54846"}],"curies":[{"name":"wp","href":"https:\/\/api.w.org\/{rel}","templated":true}]}}