
{"id":54834,"date":"2016-01-07T09:51:13","date_gmt":"2016-01-07T12:51:13","guid":{"rendered":"http:\/\/www.sudoestehoje.com.br\/novoportal\/?p=54834"},"modified":"2016-01-07T13:01:53","modified_gmt":"2016-01-07T16:01:53","slug":"guarda-municipal-de-itapetinga-morre-em-grave-acidente-proximo-a-itororo-3-pessoas-ficaram-feridas","status":"publish","type":"post","link":"https:\/\/www.sudoestehoje.com.br\/novoportal\/2016\/01\/07\/guarda-municipal-de-itapetinga-morre-em-grave-acidente-proximo-a-itororo-3-pessoas-ficaram-feridas\/","title":{"rendered":"GUARDA MUNICIPAL DE ITAPETINGA MORRE EM GRAVE ACIDENTE PR\u00d3XIMO A ITOROR\u00d3; 3 PESSOAS FICAM FERIDAS"},"content":{"rendered":"<div id=\"attachment_54836\" style=\"width: 509px\" class=\"wp-caption aligncenter\"><a href=\"http:\/\/www.sudoestehoje.com.br\/novoportal\/wp-content\/uploads\/2016\/01\/rozentino.jpg\"><img loading=\"lazy\" decoding=\"async\" aria-describedby=\"caption-attachment-54836\" class=\" wp-image-54836\" src=\"http:\/\/www.sudoestehoje.com.br\/novoportal\/wp-content\/uploads\/2016\/01\/rozentino.jpg\" alt=\"GM ROZENTINO FALECEU NO LOCAL DO ACIDENTE\" width=\"499\" height=\"665\" \/><\/a><p id=\"caption-attachment-54836\" class=\"wp-caption-text\">GM ROZENTINO FALECEU NO LOCAL DO ACIDENTE<\/p><\/div>\n<p>Um grave acidente ocorrido na manh\u00e3 desta quinta-feira (7), na BA 263, pr\u00f3ximo \u00e0 entrada da Fazenda Cabana da Ponte, sentido Rio do Meio, em Itoror\u00f3, vitimou fatalmente o Guarda Municipal de Itapetinga, identificado como Rozentino, e deixou outras 4 pessoas feridas, entre elas a tamb\u00e9m GM Ana Paula, condutora do ve\u00edculo.<\/p>\n<div id=\"attachment_54835\" style=\"width: 510px\" class=\"wp-caption aligncenter\"><a href=\"http:\/\/www.sudoestehoje.com.br\/novoportal\/wp-content\/uploads\/2016\/01\/fiat.jpg\"><img loading=\"lazy\" decoding=\"async\" aria-describedby=\"caption-attachment-54835\" class=\" wp-image-54835\" src=\"http:\/\/www.sudoestehoje.com.br\/novoportal\/wp-content\/uploads\/2016\/01\/fiat-394x700.jpg\" alt=\"VE\u00cdCULO CAIU NA RIBANCEIRA, DEIXANDO MAIS 3 PESSOAS FERIDAS \" width=\"500\" height=\"888\" srcset=\"https:\/\/www.sudoestehoje.com.br\/novoportal\/wp-content\/uploads\/2016\/01\/fiat-394x700.jpg 394w, https:\/\/www.sudoestehoje.com.br\/novoportal\/wp-content\/uploads\/2016\/01\/fiat-506x900.jpg 506w, https:\/\/www.sudoestehoje.com.br\/novoportal\/wp-content\/uploads\/2016\/01\/fiat.jpg 900w\" sizes=\"auto, (max-width: 500px) 100vw, 500px\" \/><\/a><p id=\"caption-attachment-54835\" class=\"wp-caption-text\">VE\u00cdCULO CAIU NA RIBANCEIRA, DEIXANDO MAIS 3 PESSOAS FERIDAS<\/p><\/div>\n<p>Segundo informa\u00e7\u00f5es de ocupantes de um outro ve\u00edculo, Ana Paula teria perdido o controle do ve\u00edculo Fiat Uno, placa policial JSW 7999, em uma reta, e acabou caindo em uma ribanceira e capotando. No ve\u00edculo acidentado, al\u00e9m de Ana Paula e Rozentino, estavam tamb\u00e9m duas crian\u00e7as que s\u00e3o filhas de Ana.<\/p>\n<div id=\"attachment_54838\" style=\"width: 511px\" class=\"wp-caption aligncenter\"><a href=\"http:\/\/www.sudoestehoje.com.br\/novoportal\/wp-content\/uploads\/2016\/01\/ana-paula.jpg\"><img loading=\"lazy\" decoding=\"async\" aria-describedby=\"caption-attachment-54838\" class=\" wp-image-54838\" src=\"http:\/\/www.sudoestehoje.com.br\/novoportal\/wp-content\/uploads\/2016\/01\/ana-paula-500x500.jpg\" alt=\"GM ANA PAULA PERDEU O CONTROLE DO VE\u00cdCULO E CAPOTOU\" width=\"501\" height=\"501\" srcset=\"https:\/\/www.sudoestehoje.com.br\/novoportal\/wp-content\/uploads\/2016\/01\/ana-paula-500x500.jpg 500w, https:\/\/www.sudoestehoje.com.br\/novoportal\/wp-content\/uploads\/2016\/01\/ana-paula-150x150.jpg 150w, https:\/\/www.sudoestehoje.com.br\/novoportal\/wp-content\/uploads\/2016\/01\/ana-paula.jpg 540w\" sizes=\"auto, (max-width: 501px) 100vw, 501px\" \/><\/a><p id=\"caption-attachment-54838\" class=\"wp-caption-text\">GM ANA PAULA PERDEU O CONTROLE DO VE\u00cdCULO E CAPOTOU<\/p><\/div>\n<p>As equipes do SAMU de Itoror\u00f3 e de Itapetinga foram acionadas e realizaram as transfer\u00eancias das duas crian\u00e7as para o HCR em Itapetinga e de Ana Paula \u00a0para Vit\u00f3ria da Conquista. Uma das filhas, em estado grave, acabou sendo transferida para uma unidade hospitalar em Vit\u00f3ria da Conquista.\u00a0Informa\u00e7\u00f5es do Blog Itoror\u00f3.<\/p>\n","protected":false},"excerpt":{"rendered":"<p>Um grave acidente ocorrido na manh\u00e3 desta quinta-feira (7), na BA 263, pr\u00f3ximo \u00e0 entrada da Fazenda Cabana da Ponte, sentido Rio do Meio, em Itoror\u00f3, vitimou fatalmente o Guarda Municipal de Itapetinga, identificado como Rozentino, e deixou outras 4 pessoas feridas, entre elas a tamb\u00e9m GM Ana Paula, condutora do ve\u00edculo. Segundo informa\u00e7\u00f5es de [&hellip;]<\/p>\n","protected":false},"author":2,"featured_media":0,"comment_status":"open","ping_status":"open","sticky":false,"template":"","format":"standard","meta":{"footnotes":"","_links_to":"","_links_to_target":""},"categories":[1],"tags":[],"class_list":["post-54834","post","type-post","status-publish","format-standard","hentry","category-geral"],"views":3617,"_links":{"self":[{"href":"https:\/\/www.sudoestehoje.com.br\/novoportal\/wp-json\/wp\/v2\/posts\/54834","targetHints":{"allow":["GET"]}}],"collection":[{"href":"https:\/\/www.sudoestehoje.com.br\/novoportal\/wp-json\/wp\/v2\/posts"}],"about":[{"href":"https:\/\/www.sudoestehoje.com.br\/novoportal\/wp-json\/wp\/v2\/types\/post"}],"author":[{"embeddable":true,"href":"https:\/\/www.sudoestehoje.com.br\/novoportal\/wp-json\/wp\/v2\/users\/2"}],"replies":[{"embeddable":true,"href":"https:\/\/www.sudoestehoje.com.br\/novoportal\/wp-json\/wp\/v2\/comments?post=54834"}],"version-history":[{"count":4,"href":"https:\/\/www.sudoestehoje.com.br\/novoportal\/wp-json\/wp\/v2\/posts\/54834\/revisions"}],"predecessor-version":[{"id":54841,"href":"https:\/\/www.sudoestehoje.com.br\/novoportal\/wp-json\/wp\/v2\/posts\/54834\/revisions\/54841"}],"wp:attachment":[{"href":"https:\/\/www.sudoestehoje.com.br\/novoportal\/wp-json\/wp\/v2\/media?parent=54834"}],"wp:term":[{"taxonomy":"category","embeddable":true,"href":"https:\/\/www.sudoestehoje.com.br\/novoportal\/wp-json\/wp\/v2\/categories?post=54834"},{"taxonomy":"post_tag","embeddable":true,"href":"https:\/\/www.sudoestehoje.com.br\/novoportal\/wp-json\/wp\/v2\/tags?post=54834"}],"curies":[{"name":"wp","href":"https:\/\/api.w.org\/{rel}","templated":true}]}}