
{"id":54810,"date":"2016-01-06T12:48:30","date_gmt":"2016-01-06T15:48:30","guid":{"rendered":"http:\/\/www.sudoestehoje.com.br\/novoportal\/?p=54810"},"modified":"2016-01-06T20:52:25","modified_gmt":"2016-01-06T23:52:25","slug":"acm-neto-e-o-melhor-prefeito-do-brasil-pelo-terceiro-ano-consecutivo","status":"publish","type":"post","link":"https:\/\/www.sudoestehoje.com.br\/novoportal\/2016\/01\/06\/acm-neto-e-o-melhor-prefeito-do-brasil-pelo-terceiro-ano-consecutivo\/","title":{"rendered":"ACM NETO \u00c9 O MELHOR PREFEITO DO BRASIL PELO TERCEIRO ANO CONSECUTIVO"},"content":{"rendered":"<p><a href=\"http:\/\/www.sudoestehoje.com.br\/novoportal\/wp-content\/uploads\/2016\/01\/acmneto.jpg\"><img loading=\"lazy\" decoding=\"async\" class=\"aligncenter size-medium wp-image-54811\" src=\"http:\/\/www.sudoestehoje.com.br\/novoportal\/wp-content\/uploads\/2016\/01\/acmneto-500x357.jpg\" alt=\"acmneto\" width=\"500\" height=\"357\" srcset=\"https:\/\/www.sudoestehoje.com.br\/novoportal\/wp-content\/uploads\/2016\/01\/acmneto-500x357.jpg 500w, https:\/\/www.sudoestehoje.com.br\/novoportal\/wp-content\/uploads\/2016\/01\/acmneto-700x500.jpg 700w, https:\/\/www.sudoestehoje.com.br\/novoportal\/wp-content\/uploads\/2016\/01\/acmneto.jpg 722w\" sizes=\"auto, (max-width: 500px) 100vw, 500px\" \/><\/a><\/p>\n<p>ACM Neto (DEM) foi eleito pelo terceiro ano consecutivo o melhor prefeito do pa\u00eds, de acordo com a pesquisa realizada pelo Instituto Paran\u00e1. O ranking levou em considera\u00e7\u00e3o as 13 maiores capitais do Brasil e Neto liderou com 85% de aprova\u00e7\u00e3o popular, enquanto o prefeito de Macei\u00f3, Rui Palmeira (PSDB), ficou com 64%. Geraldo J\u00falio (PSB), de Recife, teve 58%, Marcio Lacerda (PSB), de Belo Horizonte, 55%, e Jos\u00e9 Fortunati (PDT), de Porto Alegre, contou com 54% de aprova\u00e7\u00e3o.<\/p>\n<p>Confira o ranking:<\/p>\n<p><strong>\u00a0 1 \u2013 ACM Neto (DEM)- Salvador: 85%<\/strong><br \/>\n2 \u2013 Rui Palmeira (PSDB)- Macei\u00f3: 64%<br \/>\n3 \u2013 Geraldo J\u00falio (PSB) \u2013 Recife: 58%<br \/>\n4 \u2013 Marcio Lacerda (PSB) \u2013 Belo Horizonte: 55%<br \/>\n5 \u2013 Jos\u00e9 Fortunati (PDT) \u2013 Porto Alegre: 54%<br \/>\n6 \u2013 C\u00e9zar Souza Jr (PSD) \u2013 Florian\u00f3polis: 49%<br \/>\n7 \u2013 Alcides Bernal (PP) \u2013 Campo Grande: 49%<br \/>\n8 \u2013 Gustavo Fruet (PDT) \u2013 Curitiba: 48%<br \/>\n9 \u2013 Eduardo Paes (PMDB) \u2013 Rio de Janeiro: 42%<br \/>\n10 \u2013 Zenaldo Coutinho (PSDB) \u2013 Par\u00e1 : 37%<br \/>\n11 \u2013 Roberto Cl\u00e1udio ( PDT ) \u2013 Fortaleza: 36<br \/>\n12 \u2013 Fernando Haddad (PT) \u2013 S\u00e3o Paulo: 28%<br \/>\n13 \u2013 Paulo Garcia (PT) \u2013 Goi\u00e2nia: 23%<\/p>\n<p><img decoding=\"async\" class=\"aligncenter\" src=\"http:\/\/www.sudoestehoje.com.br\/novoportal\/wp-content\/uploads\/2015\/07\/%C3%93TICA-ITAPUAN-BANNER1-500x179.jpg\" alt=\"\u00d3TICA-ITAPUAN-BANNER1\" \/><\/p>\n","protected":false},"excerpt":{"rendered":"<p>ACM Neto (DEM) foi eleito pelo terceiro ano consecutivo o melhor prefeito do pa\u00eds, de acordo com a pesquisa realizada pelo Instituto Paran\u00e1. O ranking levou em considera\u00e7\u00e3o as 13 maiores capitais do Brasil e Neto liderou com 85% de aprova\u00e7\u00e3o popular, enquanto o prefeito de Macei\u00f3, Rui Palmeira (PSDB), ficou com 64%. Geraldo J\u00falio [&hellip;]<\/p>\n","protected":false},"author":2,"featured_media":0,"comment_status":"open","ping_status":"open","sticky":false,"template":"","format":"standard","meta":{"footnotes":"","_links_to":"","_links_to_target":""},"categories":[1],"tags":[],"class_list":["post-54810","post","type-post","status-publish","format-standard","hentry","category-geral"],"views":2095,"_links":{"self":[{"href":"https:\/\/www.sudoestehoje.com.br\/novoportal\/wp-json\/wp\/v2\/posts\/54810","targetHints":{"allow":["GET"]}}],"collection":[{"href":"https:\/\/www.sudoestehoje.com.br\/novoportal\/wp-json\/wp\/v2\/posts"}],"about":[{"href":"https:\/\/www.sudoestehoje.com.br\/novoportal\/wp-json\/wp\/v2\/types\/post"}],"author":[{"embeddable":true,"href":"https:\/\/www.sudoestehoje.com.br\/novoportal\/wp-json\/wp\/v2\/users\/2"}],"replies":[{"embeddable":true,"href":"https:\/\/www.sudoestehoje.com.br\/novoportal\/wp-json\/wp\/v2\/comments?post=54810"}],"version-history":[{"count":2,"href":"https:\/\/www.sudoestehoje.com.br\/novoportal\/wp-json\/wp\/v2\/posts\/54810\/revisions"}],"predecessor-version":[{"id":54814,"href":"https:\/\/www.sudoestehoje.com.br\/novoportal\/wp-json\/wp\/v2\/posts\/54810\/revisions\/54814"}],"wp:attachment":[{"href":"https:\/\/www.sudoestehoje.com.br\/novoportal\/wp-json\/wp\/v2\/media?parent=54810"}],"wp:term":[{"taxonomy":"category","embeddable":true,"href":"https:\/\/www.sudoestehoje.com.br\/novoportal\/wp-json\/wp\/v2\/categories?post=54810"},{"taxonomy":"post_tag","embeddable":true,"href":"https:\/\/www.sudoestehoje.com.br\/novoportal\/wp-json\/wp\/v2\/tags?post=54810"}],"curies":[{"name":"wp","href":"https:\/\/api.w.org\/{rel}","templated":true}]}}