
{"id":54782,"date":"2016-01-05T14:33:20","date_gmt":"2016-01-05T17:33:20","guid":{"rendered":"http:\/\/www.sudoestehoje.com.br\/novoportal\/?p=54782"},"modified":"2016-01-06T00:10:43","modified_gmt":"2016-01-06T03:10:43","slug":"declaracoes-do-ministro-jaques-wagner-causam-irritacao-e-revolta-no-pt","status":"publish","type":"post","link":"https:\/\/www.sudoestehoje.com.br\/novoportal\/2016\/01\/05\/declaracoes-do-ministro-jaques-wagner-causam-irritacao-e-revolta-no-pt\/","title":{"rendered":"DECLARA\u00c7\u00d5ES DO MINISTRO JAQUES WAGNER CAUSAM IRRITA\u00c7\u00c3O E REVOLTA NO PT"},"content":{"rendered":"<p><a href=\"http:\/\/www.sudoestehoje.com.br\/novoportal\/wp-content\/uploads\/2016\/01\/WAG.jpg\"><img loading=\"lazy\" decoding=\"async\" class=\"aligncenter  wp-image-54783\" src=\"http:\/\/www.sudoestehoje.com.br\/novoportal\/wp-content\/uploads\/2016\/01\/WAG.jpg\" alt=\"WAG\" width=\"501\" height=\"369\" \/><\/a><\/p>\n<p>A avalia\u00e7\u00e3o do ministro da Casa Civil, Jaques Wagner, de que o PT \u201cse lambuzou\u201d no poder acentuou a crise entre o governo e a legenda (<a href=\"http:\/\/www.bahianoticias.com.br\/noticia\/183783-jaques-wagner-diz-que-pt-039reproduziu-metodos-antigos-e-se-lambuzou039.html\" target=\"_blank\"><strong>veja aqui<\/strong><\/a>). Segundo a Folha de S. Paulo, integrantes da dire\u00e7\u00e3o da sigla, deputados e senadores classificaram a cr\u00edtica como \u201cum ataque desnecess\u00e1rio\u201d.<\/p>\n<p>\u201c[Wagner fez] coro com o anti-petismo raivoso que anda em moda na direita e na extrema direita do pa\u00eds. Com a responsabilidade que ele tem, deveria ser menos metaf\u00f3rico e mais politizado nas suas declara\u00e7\u00f5es\u201d, reagiu o ex-ministro da Justi\u00e7a, Tarso Genro.<\/p>\n<p>&#8220;Sustentar o governo mesmo quando ele se distanciou da sua base social e do seu programa tamb\u00e9m desgastou o partido. O momento \u00e9 de ajustar o rumo do governo e do partido, garantir e aprofundar as conquistas e n\u00e3o ficar se atacando mutuamente&#8221;, complementou o presidente do PT em S\u00e3o Paulo, Em\u00eddio de Souza.<\/p>\n<p>Em sua p\u00e1gina no Facebook, o l\u00edder da corrente Articula\u00e7\u00e3o de Esquerda, Valter Pomar, ironizou a fala de Wagner. \u00a0&#8220;Acho que em 1998, num encontro nacional petista, um determinado senhor disse que o problema do seu partido \u00e9 que ele tinha que aprender a ser uma grande m\u00e1quina eleitoral. Muitos anos depois, este mesmo senhor agora critica o seu partido porque se &#8216;lambuzou'&#8221;, alfinetou.<\/p>\n<p><img decoding=\"async\" class=\"aligncenter\" src=\"http:\/\/www.sudoestehoje.com.br\/novoportal\/wp-content\/uploads\/2015\/12\/NATAL-SUPERMODA-500x167.jpg\" alt=\"NATAL SUPERMODA\" \/><\/p>\n","protected":false},"excerpt":{"rendered":"<p>A avalia\u00e7\u00e3o do ministro da Casa Civil, Jaques Wagner, de que o PT \u201cse lambuzou\u201d no poder acentuou a crise entre o governo e a legenda (veja aqui). Segundo a Folha de S. Paulo, integrantes da dire\u00e7\u00e3o da sigla, deputados e senadores classificaram a cr\u00edtica como \u201cum ataque desnecess\u00e1rio\u201d. \u201c[Wagner fez] coro com o anti-petismo [&hellip;]<\/p>\n","protected":false},"author":2,"featured_media":0,"comment_status":"open","ping_status":"open","sticky":false,"template":"","format":"standard","meta":{"footnotes":"","_links_to":"","_links_to_target":""},"categories":[1],"tags":[],"class_list":["post-54782","post","type-post","status-publish","format-standard","hentry","category-geral"],"views":1718,"_links":{"self":[{"href":"https:\/\/www.sudoestehoje.com.br\/novoportal\/wp-json\/wp\/v2\/posts\/54782","targetHints":{"allow":["GET"]}}],"collection":[{"href":"https:\/\/www.sudoestehoje.com.br\/novoportal\/wp-json\/wp\/v2\/posts"}],"about":[{"href":"https:\/\/www.sudoestehoje.com.br\/novoportal\/wp-json\/wp\/v2\/types\/post"}],"author":[{"embeddable":true,"href":"https:\/\/www.sudoestehoje.com.br\/novoportal\/wp-json\/wp\/v2\/users\/2"}],"replies":[{"embeddable":true,"href":"https:\/\/www.sudoestehoje.com.br\/novoportal\/wp-json\/wp\/v2\/comments?post=54782"}],"version-history":[{"count":2,"href":"https:\/\/www.sudoestehoje.com.br\/novoportal\/wp-json\/wp\/v2\/posts\/54782\/revisions"}],"predecessor-version":[{"id":54802,"href":"https:\/\/www.sudoestehoje.com.br\/novoportal\/wp-json\/wp\/v2\/posts\/54782\/revisions\/54802"}],"wp:attachment":[{"href":"https:\/\/www.sudoestehoje.com.br\/novoportal\/wp-json\/wp\/v2\/media?parent=54782"}],"wp:term":[{"taxonomy":"category","embeddable":true,"href":"https:\/\/www.sudoestehoje.com.br\/novoportal\/wp-json\/wp\/v2\/categories?post=54782"},{"taxonomy":"post_tag","embeddable":true,"href":"https:\/\/www.sudoestehoje.com.br\/novoportal\/wp-json\/wp\/v2\/tags?post=54782"}],"curies":[{"name":"wp","href":"https:\/\/api.w.org\/{rel}","templated":true}]}}