
{"id":5478,"date":"2011-06-05T12:25:06","date_gmt":"2011-06-05T15:25:06","guid":{"rendered":"http:\/\/www.sudoestehoje.com.br\/novoportal\/?p=5478"},"modified":"2011-06-05T12:25:06","modified_gmt":"2011-06-05T15:25:06","slug":"dilma-conversa-com-lula-sobre-demissao-de-palocci","status":"publish","type":"post","link":"https:\/\/www.sudoestehoje.com.br\/novoportal\/2011\/06\/05\/dilma-conversa-com-lula-sobre-demissao-de-palocci\/","title":{"rendered":"DILMA CONVERSA COM LULA SOBRE DEMISS\u00c3O DE PALOCCI"},"content":{"rendered":"<p style=\"text-align: center;\"><img decoding=\"async\" class=\"aligncenter\" src=\"http:\/\/blogdoonyx.files.wordpress.com\/2011\/05\/charte_palocci_dilma_lula.jpg\" alt=\"\" \/><\/p>\n<p>\u00a0<\/p>\n<p><em><strong>Blog do Josias<\/strong><\/em><\/p>\n<p>Antonio Palocci ficou mais pr\u00f3ximo do olho da rua. Dilma Rousseff decidiu\u00a0conversar com Lula sobre o destino do chefe da Casa Civil. Ela deseja demiti-lo.<\/p>\n<p>Em privado, Dilma revelou-se desalentada com a m\u00e1 repercuss\u00e3o das entrevistas dadas por Palocci \u00e0 Folha e \u00e0 TV Globo.<\/p>\n<p>Para complicar, a revista Veja acomodou detritos novos sobre o monturo malcheiroso de\u00a0not\u00edcias que soterra o prest\u00edgio\u00a0de Palocci.<\/p>\n<p>Descobriu-se que o apartamento de 640 m\u00b2 em que Palocci mora, em S\u00e3o Paulo, foi registrado por empresa em nome de dois \u201c<a href=\"http:\/\/www1.folha.uol.com.br\/poder\/925438-laranja-e-dono-de-imovel-alugado-por-palocci-diz-revista.shtml\" target=\"_blank\">laranjas<\/a>\u201d de baixa renda.<\/p>\n<p>Disseminou-se no Planalto a avalia\u00e7\u00e3o de que Palocci j\u00e1 n\u00e3o re\u00fane condi\u00e7\u00f5es pol\u00edticas de permanecer na Casa Civil.<\/p>\n<p>De volta de uma viagem a Cuba e Venezuela, Lula deve conversar com Dilma ainda no final de semana.<\/p>\n<p>A sobreviv\u00eancia de Palocci passou a depender do ex-presidente. Petistas pr\u00f3ximos a Lula\u00a0cr\u00eaem\u00a0ele n\u00e3o dever\u00e1 mais sair em socorro de Palocci, como fez h\u00e1 10 dias, em sua \u00faltima passagem por Bras\u00edlia.<\/p>\n","protected":false},"excerpt":{"rendered":"<p>\u00a0 Blog do Josias Antonio Palocci ficou mais pr\u00f3ximo do olho da rua. Dilma Rousseff decidiu\u00a0conversar com Lula sobre o destino do chefe da Casa Civil. Ela deseja demiti-lo. Em privado, Dilma revelou-se desalentada com a m\u00e1 repercuss\u00e3o das entrevistas dadas por Palocci \u00e0 Folha e \u00e0 TV Globo. Para complicar, a revista Veja acomodou [&hellip;]<\/p>\n","protected":false},"author":2,"featured_media":0,"comment_status":"open","ping_status":"open","sticky":false,"template":"","format":"standard","meta":{"footnotes":"","_links_to":"","_links_to_target":""},"categories":[1],"tags":[],"class_list":["post-5478","post","type-post","status-publish","format-standard","hentry","category-geral"],"views":1223,"_links":{"self":[{"href":"https:\/\/www.sudoestehoje.com.br\/novoportal\/wp-json\/wp\/v2\/posts\/5478","targetHints":{"allow":["GET"]}}],"collection":[{"href":"https:\/\/www.sudoestehoje.com.br\/novoportal\/wp-json\/wp\/v2\/posts"}],"about":[{"href":"https:\/\/www.sudoestehoje.com.br\/novoportal\/wp-json\/wp\/v2\/types\/post"}],"author":[{"embeddable":true,"href":"https:\/\/www.sudoestehoje.com.br\/novoportal\/wp-json\/wp\/v2\/users\/2"}],"replies":[{"embeddable":true,"href":"https:\/\/www.sudoestehoje.com.br\/novoportal\/wp-json\/wp\/v2\/comments?post=5478"}],"version-history":[{"count":2,"href":"https:\/\/www.sudoestehoje.com.br\/novoportal\/wp-json\/wp\/v2\/posts\/5478\/revisions"}],"predecessor-version":[{"id":5480,"href":"https:\/\/www.sudoestehoje.com.br\/novoportal\/wp-json\/wp\/v2\/posts\/5478\/revisions\/5480"}],"wp:attachment":[{"href":"https:\/\/www.sudoestehoje.com.br\/novoportal\/wp-json\/wp\/v2\/media?parent=5478"}],"wp:term":[{"taxonomy":"category","embeddable":true,"href":"https:\/\/www.sudoestehoje.com.br\/novoportal\/wp-json\/wp\/v2\/categories?post=5478"},{"taxonomy":"post_tag","embeddable":true,"href":"https:\/\/www.sudoestehoje.com.br\/novoportal\/wp-json\/wp\/v2\/tags?post=5478"}],"curies":[{"name":"wp","href":"https:\/\/api.w.org\/{rel}","templated":true}]}}