
{"id":54771,"date":"2016-01-04T18:54:07","date_gmt":"2016-01-04T21:54:07","guid":{"rendered":"http:\/\/www.sudoestehoje.com.br\/novoportal\/?p=54771"},"modified":"2016-01-04T18:54:07","modified_gmt":"2016-01-04T21:54:07","slug":"governo-divulga-lista-oficial-de-feriados-nacionais","status":"publish","type":"post","link":"https:\/\/www.sudoestehoje.com.br\/novoportal\/2016\/01\/04\/governo-divulga-lista-oficial-de-feriados-nacionais\/","title":{"rendered":"GOVERNO DIVULGA LISTA OFICIAL DE FERIADOS NACIONAIS"},"content":{"rendered":"<p><a href=\"http:\/\/www.sudoestehoje.com.br\/novoportal\/wp-content\/uploads\/2016\/01\/FERIADOS.jpg\"><img loading=\"lazy\" decoding=\"async\" class=\"aligncenter size-medium wp-image-54772\" src=\"http:\/\/www.sudoestehoje.com.br\/novoportal\/wp-content\/uploads\/2016\/01\/FERIADOS-500x270.jpg\" alt=\"FERIADOS\" width=\"500\" height=\"270\" srcset=\"https:\/\/www.sudoestehoje.com.br\/novoportal\/wp-content\/uploads\/2016\/01\/FERIADOS-500x270.jpg 500w, https:\/\/www.sudoestehoje.com.br\/novoportal\/wp-content\/uploads\/2016\/01\/FERIADOS.jpg 630w\" sizes=\"auto, (max-width: 500px) 100vw, 500px\" \/><\/a><\/p>\n<p>O governo federal publicou nesta segunda-feira (4) no \u201cDi\u00e1rio Oficial da Uni\u00e3o\u201d a lista dos feriados federais para o ano de 2016. Al\u00e9m do 1\u00ba de janeiro, s\u00e3o mais 13 datas, entre feriados e pontos facultativos. Confira a lista:<\/p>\n<p><strong>&#8211; 8 de fevereiro <\/strong>(segunda-feira): Carnaval (ponto facultativo)<\/p>\n<p><strong>&#8211; 9 de fevereiro <\/strong>(ter\u00e7a): Carnaval (ponto facultativo)<\/p>\n<p><strong>&#8211; 10 de fevereiro:<\/strong> quarta-feira de Cinzas (ponto facultativo at\u00e9 as 14 horas)<\/p>\n<p><strong>&#8211; 25 de mar\u00e7o <\/strong>(sexta): Paix\u00e3o de Cristo (feriado nacional)<\/p>\n<p><strong>&#8211; 21 de abril <\/strong>(quinta): Tiradentes (feriado nacional)<\/p>\n<p><strong>&#8211; 1\u00ba\u00a0 de\u00a0 maio <\/strong>(domingo): Dia\u00a0 Mundial\u00a0 do\u00a0 Trabalho\u00a0 (feriado nacional)<\/p>\n<p><strong>&#8211; 26 de maio <\/strong>(quinta): Corpus Christi (ponto facultativo)<\/p>\n<p><strong>&#8211; 7\u00a0 de setembro <\/strong>(quarta):\u00a0 Independ\u00eancia do Brasil (feriado nacional)<\/p>\n<p><strong>&#8211; 12 de\u00a0 outubro<\/strong> (quarta): Nossa\u00a0 Senhora Aparecida\u00a0 (feriado nacional)<\/p>\n<p><strong>&#8211; 28 de outubro<\/strong> (sexta): Dia do Servidor P\u00fablico (ponto facultativo)<\/p>\n<p><strong>&#8211; 2 de novembro <\/strong>(quarta): Finados (feriado nacional)<\/p>\n<p><strong>&#8211; 15 de novembro <\/strong>(ter\u00e7a): Proclama\u00e7\u00e3o da Rep\u00fablica (feriado nacional)<\/p>\n<p><strong>&#8211; 25 de dezembro <\/strong>(domingo): Natal (feriado nacional)<\/p>\n<p>FERIADOS MUNICIPAIS<\/p>\n<p><strong>&#8211; 19 de mar\u00e7o<\/strong> (s\u00e1bado): S\u00e3o Jos\u00e9 (padroeiro de Itapetinga)<\/p>\n<p><strong>&#8211; 12 de dezembro<\/strong> (segunda): anivers\u00e1rio de Itapetinga<\/p>\n<p>FERIADO ESTADUAL<\/p>\n<p><strong>&#8211; 2 de julho<\/strong> (s\u00e1bado): Independ\u00eancia da Bahia<\/p>\n<p><img decoding=\"async\" class=\"aligncenter\" src=\"http:\/\/www.sudoestehoje.com.br\/novoportal\/wp-content\/uploads\/2015\/12\/FEIRA-DO-LAR-NOVO-BANNER-500x185.png\" alt=\"FEIRA DO LAR - NOVO BANNER\" \/><\/p>\n","protected":false},"excerpt":{"rendered":"<p>O governo federal publicou nesta segunda-feira (4) no \u201cDi\u00e1rio Oficial da Uni\u00e3o\u201d a lista dos feriados federais para o ano de 2016. Al\u00e9m do 1\u00ba de janeiro, s\u00e3o mais 13 datas, entre feriados e pontos facultativos. Confira a lista: &#8211; 8 de fevereiro (segunda-feira): Carnaval (ponto facultativo) &#8211; 9 de fevereiro (ter\u00e7a): Carnaval (ponto facultativo) [&hellip;]<\/p>\n","protected":false},"author":2,"featured_media":0,"comment_status":"open","ping_status":"open","sticky":false,"template":"","format":"standard","meta":{"footnotes":"","_links_to":"","_links_to_target":""},"categories":[1],"tags":[],"class_list":["post-54771","post","type-post","status-publish","format-standard","hentry","category-geral"],"views":1498,"_links":{"self":[{"href":"https:\/\/www.sudoestehoje.com.br\/novoportal\/wp-json\/wp\/v2\/posts\/54771","targetHints":{"allow":["GET"]}}],"collection":[{"href":"https:\/\/www.sudoestehoje.com.br\/novoportal\/wp-json\/wp\/v2\/posts"}],"about":[{"href":"https:\/\/www.sudoestehoje.com.br\/novoportal\/wp-json\/wp\/v2\/types\/post"}],"author":[{"embeddable":true,"href":"https:\/\/www.sudoestehoje.com.br\/novoportal\/wp-json\/wp\/v2\/users\/2"}],"replies":[{"embeddable":true,"href":"https:\/\/www.sudoestehoje.com.br\/novoportal\/wp-json\/wp\/v2\/comments?post=54771"}],"version-history":[{"count":2,"href":"https:\/\/www.sudoestehoje.com.br\/novoportal\/wp-json\/wp\/v2\/posts\/54771\/revisions"}],"predecessor-version":[{"id":54774,"href":"https:\/\/www.sudoestehoje.com.br\/novoportal\/wp-json\/wp\/v2\/posts\/54771\/revisions\/54774"}],"wp:attachment":[{"href":"https:\/\/www.sudoestehoje.com.br\/novoportal\/wp-json\/wp\/v2\/media?parent=54771"}],"wp:term":[{"taxonomy":"category","embeddable":true,"href":"https:\/\/www.sudoestehoje.com.br\/novoportal\/wp-json\/wp\/v2\/categories?post=54771"},{"taxonomy":"post_tag","embeddable":true,"href":"https:\/\/www.sudoestehoje.com.br\/novoportal\/wp-json\/wp\/v2\/tags?post=54771"}],"curies":[{"name":"wp","href":"https:\/\/api.w.org\/{rel}","templated":true}]}}