
{"id":54739,"date":"2015-12-31T23:59:10","date_gmt":"2016-01-01T02:59:10","guid":{"rendered":"http:\/\/www.sudoestehoje.com.br\/novoportal\/?p=54739"},"modified":"2016-01-01T13:49:46","modified_gmt":"2016-01-01T16:49:46","slug":"herzem-gusmao-faz-balanco-do-seu-primeiro-mandato-como-deputado-estadual","status":"publish","type":"post","link":"https:\/\/www.sudoestehoje.com.br\/novoportal\/2015\/12\/31\/herzem-gusmao-faz-balanco-do-seu-primeiro-mandato-como-deputado-estadual\/","title":{"rendered":"HERZEM GUSM\u00c3O FAZ BALAN\u00c7O DO SEU PRIMEIRO MANDATO COMO DEPUTADO ESTADUAL"},"content":{"rendered":"<p><a href=\"http:\/\/www.sudoestehoje.com.br\/novoportal\/wp-content\/uploads\/2016\/01\/Herzem-Foto-agosto-2015.jpg\"><img loading=\"lazy\" decoding=\"async\" class=\"aligncenter size-medium wp-image-54740\" src=\"http:\/\/www.sudoestehoje.com.br\/novoportal\/wp-content\/uploads\/2016\/01\/Herzem-Foto-agosto-2015-500x334.jpg\" alt=\"Herzem-Foto-agosto-2015\" width=\"500\" height=\"334\" srcset=\"https:\/\/www.sudoestehoje.com.br\/novoportal\/wp-content\/uploads\/2016\/01\/Herzem-Foto-agosto-2015-500x334.jpg 500w, https:\/\/www.sudoestehoje.com.br\/novoportal\/wp-content\/uploads\/2016\/01\/Herzem-Foto-agosto-2015.jpg 640w\" sizes=\"auto, (max-width: 500px) 100vw, 500px\" \/><\/a><\/p>\n<p>Meu primeiro ano como deputado estadual foi marcado por muitas realiza\u00e7\u00f5es. Sempre tinha um sentimento, como radialista, de que faltava representatividade pol\u00edtica \u00e0 Vit\u00f3ria da Conquista, \u00e0 nossa regi\u00e3o, pois n\u00e3o v\u00edamos algu\u00e9m brigando n\u00e3o apenas por nossa cidade, mas por todos os munic\u00edpios que comp\u00f5em o Sudoeste baiano na Assembleia Legislativa.<\/p>\n<p>Cheguei ao parlamento estadual em mar\u00e7o e, de imediato, fiz alguns levantamentos de projetos que estavam em andamento. Um, em especial, o do transporte alternativo, estava arquivado desde 2011. Depois de analis\u00e1-lo, pedi o desarquivamento. Foi a senha para o governo tirar o projeto da gaveta e, contando com a colabora\u00e7\u00e3o da oposi\u00e7\u00e3o, foi poss\u00edvel a viabiliza\u00e7\u00e3o e aprova\u00e7\u00e3o de um Projeto de Lei isentando em quase 80% as multas aplicadas pela Agerba. Ou seja, criamos todas as facilidades para o sistema ser operacionalizado e buscar que, em 2016, o transporte alternativo seja legalizado.<\/p>\n<p>Fomos protagonistas na derrubada da vistoria veicular na Justi\u00e7a, uma cobran\u00e7a ilegal, atrav\u00e9s de uma portaria inconstitucional do Detran, que fere o C\u00f3digo Tribut\u00e1rio Nacional. CONTINUE LENDO&#8230;<!--more--><\/p>\n<p>Em rela\u00e7\u00e3o \u00e0 educa\u00e7\u00e3o, conseguimos chamar a aten\u00e7\u00e3o de Vit\u00f3ria da Conquista e tamb\u00e9m de toda a Bahia para as dificuldades financeiras que passam \u00e0s universidades. Por conta desse trabalho, fui escolhido como relator de um Projeto de Lei que d\u00e1 \u00e0s universidades maior autonomia interna, como por exemplo, a possibilidade de decidir a escolha dos futuros reitores.<\/p>\n<p>Fomos contra os projetos que aumentaram impostos, como o ICMS, o reajuste da contribui\u00e7\u00e3o do Planserv e de projetos que retiraram direitos hist\u00f3ricos dos servidores estaduais.<\/p>\n<p>Audi\u00eancias sobre seguran\u00e7a p\u00fablica e sa\u00fade foram poss\u00edveis, gra\u00e7as \u00e0 nossa articula\u00e7\u00e3o, inclusive as que foram realizadas em Vit\u00f3ria da Conquista. A sa\u00fade agoniza na \u201ccapital do sudoeste\u201d e o debate for\u00e7ou at\u00e9 a ida, surpresa, do secret\u00e1rio estadual ao Hospital Geral da cidade. Na seguran\u00e7a p\u00fablica, os dados mostram que a Bahia \u00e9 um dos estados com maior n\u00famero de assassinatos no Brasil e, Conquista, aparece tamb\u00e9m entre os munic\u00edpios mais violentos do pa\u00eds.<\/p>\n<p>Tivemos ainda presen\u00e7a constante em Itapetinga, uma das cidades mais importantes do Sudoeste. Audi\u00eancias p\u00fablicas para debater a quest\u00e3o da sa\u00fade, da seguran\u00e7a e a cria\u00e7\u00e3o de um comit\u00ea gestor da Bacia do Rio Catol\u00e9 tiveram nosso apoio. Sem contar na luta de novos cursos para o campus da UESB da cidade al\u00e9m de uma visita, in loco, ao Zool\u00f3gico da Matinha, fechado pelo governo petista municipal.<\/p>\n<p>Esta \u00e9 a realidade de um governo que n\u00e3o vem cumprindo o seu papel e n\u00e3o d\u00e1 o exemplo de como o dinheiro p\u00fablico deve ser gerido. S\u00e3o quase 30 secretarias, 12 mil cargos de confian\u00e7a na m\u00e1quina estadual. Resumindo: n\u00e3o temos governo. Um exemplo de grande administra\u00e7\u00e3o \u00e9 a gest\u00e3o de ACM Neto em Salvador. O governador est\u00e1 correndo atr\u00e1s, colocando todos os recursos na capital para tentar, em v\u00e3o, frear o avan\u00e7o de ACM Neto que, segundo dados, \u00e9 o melhor prefeito do Brasil. O interior est\u00e1 sem governo. Estamos abandonados.<\/p>\n<p>N\u00f3s tiramos o PT da zona de conforto, colocamos a representatividade que Conquista e o Sudoeste merecem. O PT estava acomodado no poder, e passava uma imagem fora da realidade, como se a Bahia e Vit\u00f3ria da Conquista fossem ilhas de prosperidade e n\u00e3o enfrentassem problemas com a sa\u00fade, educa\u00e7\u00e3o,<\/p>\n<p>transporte, obras paralisadas, viol\u00eancia e desemprego, s\u00f3 para citar alguns exemplos.<\/p>\n<p>Conquista \u00e9 a terceira maior cidade da Bahia, mas quando depende do poder p\u00fablico o que se v\u00ea \u00e9 tamb\u00e9m \u00e9 falta de gest\u00e3o e de vontade pol\u00edtica. Nosso munic\u00edpio tem p\u00e9ssima avalia\u00e7\u00e3o em educa\u00e7\u00e3o, sa\u00fade, seguran\u00e7a p\u00fablica, o centro comercial n\u00e3o se moderniza, um distrito industrial abandonado, a constru\u00e7\u00e3o das duas barragens que n\u00e3o sai do papel, um aeroporto regional, prometido na campanha de 2006, pelo PT, que continua na promessa e o novo pres\u00eddio, que est\u00e1 pronto, mas n\u00e3o \u00e9 inaugurado.<\/p>\n<p>Que 2016 seja um ano de novas vit\u00f3rias, muito trabalho na Assembleia Legislativa e novos tempos para os munic\u00edpios, para a Bahia!<\/p>\n<p>Ascom<\/p>\n","protected":false},"excerpt":{"rendered":"<p>Meu primeiro ano como deputado estadual foi marcado por muitas realiza\u00e7\u00f5es. Sempre tinha um sentimento, como radialista, de que faltava representatividade pol\u00edtica \u00e0 Vit\u00f3ria da Conquista, \u00e0 nossa regi\u00e3o, pois n\u00e3o v\u00edamos algu\u00e9m brigando n\u00e3o apenas por nossa cidade, mas por todos os munic\u00edpios que comp\u00f5em o Sudoeste baiano na Assembleia Legislativa. Cheguei ao parlamento [&hellip;]<\/p>\n","protected":false},"author":2,"featured_media":0,"comment_status":"open","ping_status":"open","sticky":false,"template":"","format":"standard","meta":{"footnotes":"","_links_to":"","_links_to_target":""},"categories":[1],"tags":[],"class_list":["post-54739","post","type-post","status-publish","format-standard","hentry","category-geral"],"views":1192,"_links":{"self":[{"href":"https:\/\/www.sudoestehoje.com.br\/novoportal\/wp-json\/wp\/v2\/posts\/54739","targetHints":{"allow":["GET"]}}],"collection":[{"href":"https:\/\/www.sudoestehoje.com.br\/novoportal\/wp-json\/wp\/v2\/posts"}],"about":[{"href":"https:\/\/www.sudoestehoje.com.br\/novoportal\/wp-json\/wp\/v2\/types\/post"}],"author":[{"embeddable":true,"href":"https:\/\/www.sudoestehoje.com.br\/novoportal\/wp-json\/wp\/v2\/users\/2"}],"replies":[{"embeddable":true,"href":"https:\/\/www.sudoestehoje.com.br\/novoportal\/wp-json\/wp\/v2\/comments?post=54739"}],"version-history":[{"count":1,"href":"https:\/\/www.sudoestehoje.com.br\/novoportal\/wp-json\/wp\/v2\/posts\/54739\/revisions"}],"predecessor-version":[{"id":54741,"href":"https:\/\/www.sudoestehoje.com.br\/novoportal\/wp-json\/wp\/v2\/posts\/54739\/revisions\/54741"}],"wp:attachment":[{"href":"https:\/\/www.sudoestehoje.com.br\/novoportal\/wp-json\/wp\/v2\/media?parent=54739"}],"wp:term":[{"taxonomy":"category","embeddable":true,"href":"https:\/\/www.sudoestehoje.com.br\/novoportal\/wp-json\/wp\/v2\/categories?post=54739"},{"taxonomy":"post_tag","embeddable":true,"href":"https:\/\/www.sudoestehoje.com.br\/novoportal\/wp-json\/wp\/v2\/tags?post=54739"}],"curies":[{"name":"wp","href":"https:\/\/api.w.org\/{rel}","templated":true}]}}