
{"id":54715,"date":"2015-12-30T22:22:11","date_gmt":"2015-12-31T01:22:11","guid":{"rendered":"http:\/\/www.sudoestehoje.com.br\/novoportal\/?p=54715"},"modified":"2015-12-30T22:22:11","modified_gmt":"2015-12-31T01:22:11","slug":"edilson-lima-recebe-mocao-de-gratidao-da-fundacao-canto-das-artes","status":"publish","type":"post","link":"https:\/\/www.sudoestehoje.com.br\/novoportal\/2015\/12\/30\/edilson-lima-recebe-mocao-de-gratidao-da-fundacao-canto-das-artes\/","title":{"rendered":"EDILSON LIMA RECEBE MO\u00c7\u00c3O DE GRATID\u00c3O DA FUNDA\u00c7\u00c3O CANTO DAS ARTES"},"content":{"rendered":"<p><a href=\"http:\/\/www.sudoestehoje.com.br\/novoportal\/wp-content\/uploads\/2015\/12\/edilson.jpg\"><img loading=\"lazy\" decoding=\"async\" class=\"aligncenter  wp-image-54716\" src=\"http:\/\/www.sudoestehoje.com.br\/novoportal\/wp-content\/uploads\/2015\/12\/edilson-500x500.jpg\" alt=\"edilson\" width=\"500\" height=\"500\" srcset=\"https:\/\/www.sudoestehoje.com.br\/novoportal\/wp-content\/uploads\/2015\/12\/edilson-500x500.jpg 500w, https:\/\/www.sudoestehoje.com.br\/novoportal\/wp-content\/uploads\/2015\/12\/edilson-150x150.jpg 150w, https:\/\/www.sudoestehoje.com.br\/novoportal\/wp-content\/uploads\/2015\/12\/edilson-700x700.jpg 700w, https:\/\/www.sudoestehoje.com.br\/novoportal\/wp-content\/uploads\/2015\/12\/edilson.jpg 960w\" sizes=\"auto, (max-width: 500px) 100vw, 500px\" \/><\/a><\/p>\n<p>Na manh\u00e3 desta ter\u00e7a-feira (29), a professora Leniza Santos, o professor Edson Vieira, Eliene Portela e o Coral Canto das Artes fizeram uma homenagem surpresa ao radialista e ex vice-prefeito de Itapetinga, Edilson Lima, como forma de gratid\u00e3o pelo apoio que ele sempre deu \u00e0 institui\u00e7\u00e3o, tanto como radialista e enquanto foi vice- prefeito. Foi para ele e todos os seus familiares um momento de muita emo\u00e7\u00e3o.<\/p>\n<p>36 ANOS DE R\u00c1DIO<\/p>\n<p><span style=\"line-height: 1.5;\">Na pr\u00f3xima sexta, 01 de janeiro, Edilson completa 36 anos ininterruptos de r\u00e1dio, per\u00edodo em que consolidou o seu nome como um dos mais respeitados comunicadores do r\u00e1dio baiano, grande parte desse per\u00edodo ao lado da sua esposa Adreane Brito, comunicadora de destaque na R\u00e1dio Fascina\u00e7\u00e3o.<\/span><\/p>\n<p>O Sudoeste Hoje parabeniza o amigo e companheiro de imprensa pelo seu trabalho s\u00e9rio e prof\u00edcuo, que abrilhanta o r\u00e1dio itapetinguense e regional.<\/p>\n<p><strong><em>Por Davi Ferraz\u00a0<\/em><\/strong><\/p>\n<p><a href=\"http:\/\/www.sudoestehoje.com.br\/novoportal\/wp-content\/uploads\/2015\/12\/LIMA-2.jpg\"><img loading=\"lazy\" decoding=\"async\" class=\"aligncenter size-medium wp-image-54719\" src=\"http:\/\/www.sudoestehoje.com.br\/novoportal\/wp-content\/uploads\/2015\/12\/LIMA-2-500x377.jpg\" alt=\"LIMA 2\" width=\"500\" height=\"377\" srcset=\"https:\/\/www.sudoestehoje.com.br\/novoportal\/wp-content\/uploads\/2015\/12\/LIMA-2-500x377.jpg 500w, https:\/\/www.sudoestehoje.com.br\/novoportal\/wp-content\/uploads\/2015\/12\/LIMA-2-700x527.jpg 700w, https:\/\/www.sudoestehoje.com.br\/novoportal\/wp-content\/uploads\/2015\/12\/LIMA-2.jpg 932w\" sizes=\"auto, (max-width: 500px) 100vw, 500px\" \/><\/a><\/p>\n","protected":false},"excerpt":{"rendered":"<p>Na manh\u00e3 desta ter\u00e7a-feira (29), a professora Leniza Santos, o professor Edson Vieira, Eliene Portela e o Coral Canto das Artes fizeram uma homenagem surpresa ao radialista e ex vice-prefeito de Itapetinga, Edilson Lima, como forma de gratid\u00e3o pelo apoio que ele sempre deu \u00e0 institui\u00e7\u00e3o, tanto como radialista e enquanto foi vice- prefeito. Foi [&hellip;]<\/p>\n","protected":false},"author":2,"featured_media":0,"comment_status":"open","ping_status":"open","sticky":false,"template":"","format":"standard","meta":{"footnotes":"","_links_to":"","_links_to_target":""},"categories":[1],"tags":[],"class_list":["post-54715","post","type-post","status-publish","format-standard","hentry","category-geral"],"views":1739,"_links":{"self":[{"href":"https:\/\/www.sudoestehoje.com.br\/novoportal\/wp-json\/wp\/v2\/posts\/54715","targetHints":{"allow":["GET"]}}],"collection":[{"href":"https:\/\/www.sudoestehoje.com.br\/novoportal\/wp-json\/wp\/v2\/posts"}],"about":[{"href":"https:\/\/www.sudoestehoje.com.br\/novoportal\/wp-json\/wp\/v2\/types\/post"}],"author":[{"embeddable":true,"href":"https:\/\/www.sudoestehoje.com.br\/novoportal\/wp-json\/wp\/v2\/users\/2"}],"replies":[{"embeddable":true,"href":"https:\/\/www.sudoestehoje.com.br\/novoportal\/wp-json\/wp\/v2\/comments?post=54715"}],"version-history":[{"count":2,"href":"https:\/\/www.sudoestehoje.com.br\/novoportal\/wp-json\/wp\/v2\/posts\/54715\/revisions"}],"predecessor-version":[{"id":54720,"href":"https:\/\/www.sudoestehoje.com.br\/novoportal\/wp-json\/wp\/v2\/posts\/54715\/revisions\/54720"}],"wp:attachment":[{"href":"https:\/\/www.sudoestehoje.com.br\/novoportal\/wp-json\/wp\/v2\/media?parent=54715"}],"wp:term":[{"taxonomy":"category","embeddable":true,"href":"https:\/\/www.sudoestehoje.com.br\/novoportal\/wp-json\/wp\/v2\/categories?post=54715"},{"taxonomy":"post_tag","embeddable":true,"href":"https:\/\/www.sudoestehoje.com.br\/novoportal\/wp-json\/wp\/v2\/tags?post=54715"}],"curies":[{"name":"wp","href":"https:\/\/api.w.org\/{rel}","templated":true}]}}