
{"id":54710,"date":"2015-12-30T18:26:06","date_gmt":"2015-12-30T21:26:06","guid":{"rendered":"http:\/\/www.sudoestehoje.com.br\/novoportal\/?p=54710"},"modified":"2015-12-30T18:26:06","modified_gmt":"2015-12-30T21:26:06","slug":"jequie-tj-ordena-volta-de-tania-brito-ao-cargo-de-prefeita","status":"publish","type":"post","link":"https:\/\/www.sudoestehoje.com.br\/novoportal\/2015\/12\/30\/jequie-tj-ordena-volta-de-tania-brito-ao-cargo-de-prefeita\/","title":{"rendered":"JEQUI\u00c9: TJ ORDENA VOLTA DE T\u00c2NIA BRITO AO CARGO DE PREFEITA"},"content":{"rendered":"<p><a href=\"http:\/\/www.sudoestehoje.com.br\/novoportal\/wp-content\/uploads\/2015\/12\/TANIA2.jpg\"><img loading=\"lazy\" decoding=\"async\" class=\"aligncenter  wp-image-54711\" src=\"http:\/\/www.sudoestehoje.com.br\/novoportal\/wp-content\/uploads\/2015\/12\/TANIA2.jpg\" alt=\"TANIA\" width=\"501\" height=\"369\" \/><\/a>O Tribunal de Justi\u00e7a da Bahia (TJ-BA) ordenou a volta da prefeita de Jequi\u00e9, T\u00e2nia Britto (PP), ao cargo. Ap\u00f3s a interven\u00e7\u00e3o do deputado federal Roberto Britto (PP), que se reuniu nesta ter\u00e7a-feira (29) com o presidente da Corte, desembargador Eserval Rocha (leia mais <a href=\"http:\/\/www.bahianoticias.com.br\/municipios\/noticia\/3986-roberto-britto-recorre-a-eserval-rocha-para-reverter-afastamento-de-tania-britto.html\" target=\"_blank\">aqui<\/a>), o \u00f3rg\u00e3o suspendeu a liminar que determinava o afastamento da prefeita, acusada de improbidade administrativa.<\/p>\n<p>De acordo com o blog Marcos Frahm, T\u00e2nia j\u00e1 chegou ao F\u00f3rum Bertino Passos, de onde seguir\u00e1 de volta para a prefeitura, onde ser\u00e1 reempossada no lugar do vice-prefeito S\u00e9rgio da Gameleira (PSB), um de seus principais opositores, que durou pouco mais de 24 horas no cargo.<\/p>\n<p>Em coletiva dada agora h\u00e1 pouco, T\u00e2nia agradeceu \u201cao Senhor\u201d pela volta \u00e0 chefia do Executivo municipal. \u201c2015 est\u00e1 se encerrando como um ano de vit\u00f3rias&#8221;, afirmou.<\/p>\n","protected":false},"excerpt":{"rendered":"<p>O Tribunal de Justi\u00e7a da Bahia (TJ-BA) ordenou a volta da prefeita de Jequi\u00e9, T\u00e2nia Britto (PP), ao cargo. Ap\u00f3s a interven\u00e7\u00e3o do deputado federal Roberto Britto (PP), que se reuniu nesta ter\u00e7a-feira (29) com o presidente da Corte, desembargador Eserval Rocha (leia mais aqui), o \u00f3rg\u00e3o suspendeu a liminar que determinava o afastamento da [&hellip;]<\/p>\n","protected":false},"author":2,"featured_media":0,"comment_status":"open","ping_status":"open","sticky":false,"template":"","format":"standard","meta":{"footnotes":"","_links_to":"","_links_to_target":""},"categories":[1],"tags":[],"class_list":["post-54710","post","type-post","status-publish","format-standard","hentry","category-geral"],"views":2013,"_links":{"self":[{"href":"https:\/\/www.sudoestehoje.com.br\/novoportal\/wp-json\/wp\/v2\/posts\/54710","targetHints":{"allow":["GET"]}}],"collection":[{"href":"https:\/\/www.sudoestehoje.com.br\/novoportal\/wp-json\/wp\/v2\/posts"}],"about":[{"href":"https:\/\/www.sudoestehoje.com.br\/novoportal\/wp-json\/wp\/v2\/types\/post"}],"author":[{"embeddable":true,"href":"https:\/\/www.sudoestehoje.com.br\/novoportal\/wp-json\/wp\/v2\/users\/2"}],"replies":[{"embeddable":true,"href":"https:\/\/www.sudoestehoje.com.br\/novoportal\/wp-json\/wp\/v2\/comments?post=54710"}],"version-history":[{"count":2,"href":"https:\/\/www.sudoestehoje.com.br\/novoportal\/wp-json\/wp\/v2\/posts\/54710\/revisions"}],"predecessor-version":[{"id":54714,"href":"https:\/\/www.sudoestehoje.com.br\/novoportal\/wp-json\/wp\/v2\/posts\/54710\/revisions\/54714"}],"wp:attachment":[{"href":"https:\/\/www.sudoestehoje.com.br\/novoportal\/wp-json\/wp\/v2\/media?parent=54710"}],"wp:term":[{"taxonomy":"category","embeddable":true,"href":"https:\/\/www.sudoestehoje.com.br\/novoportal\/wp-json\/wp\/v2\/categories?post=54710"},{"taxonomy":"post_tag","embeddable":true,"href":"https:\/\/www.sudoestehoje.com.br\/novoportal\/wp-json\/wp\/v2\/tags?post=54710"}],"curies":[{"name":"wp","href":"https:\/\/api.w.org\/{rel}","templated":true}]}}