
{"id":54705,"date":"2015-12-30T17:53:19","date_gmt":"2015-12-30T20:53:19","guid":{"rendered":"http:\/\/www.sudoestehoje.com.br\/novoportal\/?p=54705"},"modified":"2015-12-30T17:54:37","modified_gmt":"2015-12-30T20:54:37","slug":"caso-mal-contado-jovem-de-itambe-reaparece-em-hotel-na-rio-bahia","status":"publish","type":"post","link":"https:\/\/www.sudoestehoje.com.br\/novoportal\/2015\/12\/30\/caso-mal-contado-jovem-de-itambe-reaparece-em-hotel-na-rio-bahia\/","title":{"rendered":"CASO MAL CONTADO: JOVEM DE ITAMB\u00c9 REAPARECE EM &#8220;HOTEL&#8221; NA RIO BAHIA"},"content":{"rendered":"<p><a href=\"http:\/\/www.sudoestehoje.com.br\/novoportal\/wp-content\/uploads\/2015\/12\/J\u00c9SSICA.jpg\"><img loading=\"lazy\" decoding=\"async\" class=\"aligncenter size-medium wp-image-54686\" src=\"http:\/\/www.sudoestehoje.com.br\/novoportal\/wp-content\/uploads\/2015\/12\/J\u00c9SSICA-500x358.jpg\" alt=\"J\u00c9SSICA\" width=\"500\" height=\"358\" \/><\/a><\/p>\n<p>Ap\u00f3s 28 horas desaparecida, quando supostamente teria sa\u00eddo para pegar documentos em seu apartamento, em Vit\u00f3ria da Conquista, e n\u00e3o mais foi vista, finalmente a jovem J\u00e9ssica Cerqueira Paix\u00e3o reapareceu e j\u00e1 est\u00e1 com os familiares.<\/p>\n<p>Segundo informa\u00e7\u00f5es dos blogs de Itamb\u00e9, a jovem alimentava uma gravidez &#8216;psicol\u00f3gica&#8217; e &#8216;surtou&#8217; ap\u00f3s descobrir que a gesta\u00e7\u00e3o n\u00e3o era real Ela teria tomado ent\u00e3o a decis\u00e3o de se isolar em um &#8216;hotel&#8217; localizado na Rio Bahia, em Vit\u00f3ria da Conquista, de onde se comunicou com a fam\u00edlia, quando soube que estava sendo procurada.<\/p>\n<p>Trata-se, evidentemente, de uma desculpa fantasiosa e insustent\u00e1vel, para um caso que mobilizou a pol\u00edcia, a imprensa e at\u00e9 a popula\u00e7\u00e3o da sua cidade, que\u00a0chegou a entrar em correntes de ora\u00e7\u00e3o, para que o desaparecimento tivesse um desfecho feliz para a fam\u00edlia.<\/p>\n<p>A mo\u00e7a reapareceu, mas o caso est\u00e1 muito mal contado&#8230;<\/p>\n<p><strong><em>Por Davi Ferraz<\/em><\/strong><\/p>\n<p><img decoding=\"async\" class=\"aligncenter\" src=\"http:\/\/www.sudoestehoje.com.br\/novoportal\/wp-content\/uploads\/2015\/12\/TROF%C3%89U-500x281.jpg\" alt=\"TROF\u00c9U\" \/><\/p>\n","protected":false},"excerpt":{"rendered":"<p>Ap\u00f3s 28 horas desaparecida, quando supostamente teria sa\u00eddo para pegar documentos em seu apartamento, em Vit\u00f3ria da Conquista, e n\u00e3o mais foi vista, finalmente a jovem J\u00e9ssica Cerqueira Paix\u00e3o reapareceu e j\u00e1 est\u00e1 com os familiares. Segundo informa\u00e7\u00f5es dos blogs de Itamb\u00e9, a jovem alimentava uma gravidez &#8216;psicol\u00f3gica&#8217; e &#8216;surtou&#8217; ap\u00f3s descobrir que a gesta\u00e7\u00e3o [&hellip;]<\/p>\n","protected":false},"author":2,"featured_media":0,"comment_status":"open","ping_status":"open","sticky":false,"template":"","format":"standard","meta":{"footnotes":"","_links_to":"","_links_to_target":""},"categories":[1],"tags":[],"class_list":["post-54705","post","type-post","status-publish","format-standard","hentry","category-geral"],"views":2142,"_links":{"self":[{"href":"https:\/\/www.sudoestehoje.com.br\/novoportal\/wp-json\/wp\/v2\/posts\/54705","targetHints":{"allow":["GET"]}}],"collection":[{"href":"https:\/\/www.sudoestehoje.com.br\/novoportal\/wp-json\/wp\/v2\/posts"}],"about":[{"href":"https:\/\/www.sudoestehoje.com.br\/novoportal\/wp-json\/wp\/v2\/types\/post"}],"author":[{"embeddable":true,"href":"https:\/\/www.sudoestehoje.com.br\/novoportal\/wp-json\/wp\/v2\/users\/2"}],"replies":[{"embeddable":true,"href":"https:\/\/www.sudoestehoje.com.br\/novoportal\/wp-json\/wp\/v2\/comments?post=54705"}],"version-history":[{"count":4,"href":"https:\/\/www.sudoestehoje.com.br\/novoportal\/wp-json\/wp\/v2\/posts\/54705\/revisions"}],"predecessor-version":[{"id":54709,"href":"https:\/\/www.sudoestehoje.com.br\/novoportal\/wp-json\/wp\/v2\/posts\/54705\/revisions\/54709"}],"wp:attachment":[{"href":"https:\/\/www.sudoestehoje.com.br\/novoportal\/wp-json\/wp\/v2\/media?parent=54705"}],"wp:term":[{"taxonomy":"category","embeddable":true,"href":"https:\/\/www.sudoestehoje.com.br\/novoportal\/wp-json\/wp\/v2\/categories?post=54705"},{"taxonomy":"post_tag","embeddable":true,"href":"https:\/\/www.sudoestehoje.com.br\/novoportal\/wp-json\/wp\/v2\/tags?post=54705"}],"curies":[{"name":"wp","href":"https:\/\/api.w.org\/{rel}","templated":true}]}}