
{"id":54689,"date":"2015-12-29T22:59:21","date_gmt":"2015-12-30T01:59:21","guid":{"rendered":"http:\/\/www.sudoestehoje.com.br\/novoportal\/?p=54689"},"modified":"2015-12-29T22:59:21","modified_gmt":"2015-12-30T01:59:21","slug":"ze-carlos-sela-paz-com-pt-e-lanca-pre-candidatura-de-sibele-neri-a-prefeita","status":"publish","type":"post","link":"https:\/\/www.sudoestehoje.com.br\/novoportal\/2015\/12\/29\/ze-carlos-sela-paz-com-pt-e-lanca-pre-candidatura-de-sibele-neri-a-prefeita\/","title":{"rendered":"Z\u00c9 CARLOS SELA PAZ COM PT E LAN\u00c7A PR\u00c9-CANDIDATURA DE SIBELE NERI A PREFEITA"},"content":{"rendered":"<p><a href=\"http:\/\/www.sudoestehoje.com.br\/novoportal\/wp-content\/uploads\/2015\/12\/reuniao-pt-2.jpeg\"><img loading=\"lazy\" decoding=\"async\" class=\"aligncenter size-medium wp-image-54690\" src=\"http:\/\/www.sudoestehoje.com.br\/novoportal\/wp-content\/uploads\/2015\/12\/reuniao-pt-2-500x281.jpeg\" alt=\"reuniao-pt-2\" width=\"500\" height=\"281\" srcset=\"https:\/\/www.sudoestehoje.com.br\/novoportal\/wp-content\/uploads\/2015\/12\/reuniao-pt-2-500x281.jpeg 500w, https:\/\/www.sudoestehoje.com.br\/novoportal\/wp-content\/uploads\/2015\/12\/reuniao-pt-2.jpeg 640w\" sizes=\"auto, (max-width: 500px) 100vw, 500px\" \/><\/a><\/p>\n<p>Apesar das especula\u00e7\u00f5es a respeito de uma suposta candidatura da petebista K\u00e1tia Espinheira, com o apoio do grupo do prefeito, o PT seguiu em outra dire\u00e7\u00e3o e decidiu, na tarde desta ter\u00e7a-feira (29), oficializar o nome da secret\u00e1ria de educa\u00e7\u00e3o Sibele Neri (PT), como pr\u00e9-candidata a prefeita do munic\u00edpio.<\/p>\n<p>No almo\u00e7o, que contou com a participa\u00e7\u00e3o dos membros da executiva municipal do PT, do prefeito Z\u00e9 Carlos, do deputado estadual Rosemberg Pinto e da pr\u00f3pria Sibele Neri, ficou definido o apoio exclusivo \u00e0 candidata petista, apesar do partido reconhecer a import\u00e2ncia da base aliada, que poder\u00e1 participar da forma\u00e7\u00e3o da chapa, indicando o vice.<\/p>\n<p><a href=\"http:\/\/www.sudoestehoje.com.br\/novoportal\/wp-content\/uploads\/2015\/12\/reuniao-pt-1.jpeg\"><img loading=\"lazy\" decoding=\"async\" class=\"aligncenter size-medium wp-image-54691\" src=\"http:\/\/www.sudoestehoje.com.br\/novoportal\/wp-content\/uploads\/2015\/12\/reuniao-pt-1-500x281.jpeg\" alt=\"reuniao-pt-1\" width=\"500\" height=\"281\" srcset=\"https:\/\/www.sudoestehoje.com.br\/novoportal\/wp-content\/uploads\/2015\/12\/reuniao-pt-1-500x281.jpeg 500w, https:\/\/www.sudoestehoje.com.br\/novoportal\/wp-content\/uploads\/2015\/12\/reuniao-pt-1.jpeg 640w\" sizes=\"auto, (max-width: 500px) 100vw, 500px\" \/><\/a><\/p>\n<p>O Sudoeste Hoje j\u00e1 havia antecipado a pr\u00e9-candidatura de Sibele Neri, com K\u00e1tia Espinheira na vice, mas a ex-gabiraba perdeu for\u00e7a com a postura de independ\u00eancia do seu partido, o PTB, que prefere apostar na pr\u00e9-candidatura do advogado Leonardo Matos, atual coordenador da Funda\u00e7\u00e3o Jos\u00e9 Silveira, que conta com o apoio irrestrito do deputado federal Ant\u00f4nio Brito.<\/p>\n<p>Fontes ligadas ao grupo do prefeito apostam que o vice da chapa governista ser\u00e1 o advogado Hild\u00e9rico &#8220;Tiquinho&#8221;, atual diretor do SAAE.<\/p>\n<p><strong><em>Por Davi Ferraz<\/em> <\/strong><\/p>\n<p><img decoding=\"async\" class=\"aligncenter\" src=\"http:\/\/www.sudoestehoje.com.br\/novoportal\/wp-content\/uploads\/2015\/12\/FEIRA-DO-LAR-NATAL-500x185.jpg\" alt=\"FEIRA DO LAR NATAL\" \/><\/p>\n","protected":false},"excerpt":{"rendered":"<p>Apesar das especula\u00e7\u00f5es a respeito de uma suposta candidatura da petebista K\u00e1tia Espinheira, com o apoio do grupo do prefeito, o PT seguiu em outra dire\u00e7\u00e3o e decidiu, na tarde desta ter\u00e7a-feira (29), oficializar o nome da secret\u00e1ria de educa\u00e7\u00e3o Sibele Neri (PT), como pr\u00e9-candidata a prefeita do munic\u00edpio. No almo\u00e7o, que contou com a [&hellip;]<\/p>\n","protected":false},"author":2,"featured_media":0,"comment_status":"open","ping_status":"open","sticky":false,"template":"","format":"standard","meta":{"footnotes":"","_links_to":"","_links_to_target":""},"categories":[1],"tags":[],"class_list":["post-54689","post","type-post","status-publish","format-standard","hentry","category-geral"],"views":2463,"_links":{"self":[{"href":"https:\/\/www.sudoestehoje.com.br\/novoportal\/wp-json\/wp\/v2\/posts\/54689","targetHints":{"allow":["GET"]}}],"collection":[{"href":"https:\/\/www.sudoestehoje.com.br\/novoportal\/wp-json\/wp\/v2\/posts"}],"about":[{"href":"https:\/\/www.sudoestehoje.com.br\/novoportal\/wp-json\/wp\/v2\/types\/post"}],"author":[{"embeddable":true,"href":"https:\/\/www.sudoestehoje.com.br\/novoportal\/wp-json\/wp\/v2\/users\/2"}],"replies":[{"embeddable":true,"href":"https:\/\/www.sudoestehoje.com.br\/novoportal\/wp-json\/wp\/v2\/comments?post=54689"}],"version-history":[{"count":5,"href":"https:\/\/www.sudoestehoje.com.br\/novoportal\/wp-json\/wp\/v2\/posts\/54689\/revisions"}],"predecessor-version":[{"id":54696,"href":"https:\/\/www.sudoestehoje.com.br\/novoportal\/wp-json\/wp\/v2\/posts\/54689\/revisions\/54696"}],"wp:attachment":[{"href":"https:\/\/www.sudoestehoje.com.br\/novoportal\/wp-json\/wp\/v2\/media?parent=54689"}],"wp:term":[{"taxonomy":"category","embeddable":true,"href":"https:\/\/www.sudoestehoje.com.br\/novoportal\/wp-json\/wp\/v2\/categories?post=54689"},{"taxonomy":"post_tag","embeddable":true,"href":"https:\/\/www.sudoestehoje.com.br\/novoportal\/wp-json\/wp\/v2\/tags?post=54689"}],"curies":[{"name":"wp","href":"https:\/\/api.w.org\/{rel}","templated":true}]}}