
{"id":54681,"date":"2015-12-29T19:02:37","date_gmt":"2015-12-29T22:02:37","guid":{"rendered":"http:\/\/www.sudoestehoje.com.br\/novoportal\/?p=54681"},"modified":"2015-12-29T19:02:37","modified_gmt":"2015-12-29T22:02:37","slug":"novo-valor-do-salario-minimo-e-fixado-em-r-880-reais","status":"publish","type":"post","link":"https:\/\/www.sudoestehoje.com.br\/novoportal\/2015\/12\/29\/novo-valor-do-salario-minimo-e-fixado-em-r-880-reais\/","title":{"rendered":"NOVO VALOR DO SAL\u00c1RIO M\u00cdNIMO \u00c9 FIXADO EM R$ 880 REAIS"},"content":{"rendered":"<p><a href=\"http:\/\/www.sudoestehoje.com.br\/novoportal\/wp-content\/uploads\/2015\/12\/MINIMO.jpg\"><img loading=\"lazy\" decoding=\"async\" class=\"aligncenter  wp-image-54682\" src=\"http:\/\/www.sudoestehoje.com.br\/novoportal\/wp-content\/uploads\/2015\/12\/MINIMO.jpg\" alt=\"MINIMO\" width=\"499\" height=\"368\" \/><\/a><\/p>\n<p>A presidente Dilma Rousseff assinou nesta ter\u00e7a-feira (29) o decreto que fixa em R$ 880 o sal\u00e1rio m\u00ednimo que entrar\u00e1 em vigor em 1\u00ba de janeiro de 2016. O decreto deve ser publicado na edi\u00e7\u00e3o desta quarta-feira (30) do Di\u00e1rio Oficial da Uni\u00e3o.<\/p>\n<p>O valor atual, de R$ 788, sofreu reajuste de 11,6% &#8211; acima da infla\u00e7\u00e3o medida pelo \u00cdndice Nacional de Pre\u00e7os ao Consumidor (INPC), de 10,28%. Em agosto, a proposta de Or\u00e7amento de 2016 previa eleva\u00e7\u00e3o para R$ 865,50.<\/p>\n<p>O texto aprovado pelo Congresso Nacional previa m\u00ednimo de R$ 870,99. O valor foi alterado porque se baseia em par\u00e2metros como o crescimento do Produto Interno Bruto (PIB) de dois anos antes e infla\u00e7\u00e3o do ano anterior medida pelo INPC.<\/p>\n<p><img decoding=\"async\" class=\"aligncenter\" src=\"http:\/\/www.sudoestehoje.com.br\/novoportal\/wp-content\/uploads\/2015\/12\/Blog-Rezende-1-500x332.png\" alt=\"Blog-Rezende (1)\" \/><\/p>\n","protected":false},"excerpt":{"rendered":"<p>A presidente Dilma Rousseff assinou nesta ter\u00e7a-feira (29) o decreto que fixa em R$ 880 o sal\u00e1rio m\u00ednimo que entrar\u00e1 em vigor em 1\u00ba de janeiro de 2016. O decreto deve ser publicado na edi\u00e7\u00e3o desta quarta-feira (30) do Di\u00e1rio Oficial da Uni\u00e3o. O valor atual, de R$ 788, sofreu reajuste de 11,6% &#8211; acima [&hellip;]<\/p>\n","protected":false},"author":2,"featured_media":0,"comment_status":"open","ping_status":"open","sticky":false,"template":"","format":"standard","meta":{"footnotes":"","_links_to":"","_links_to_target":""},"categories":[1],"tags":[],"class_list":["post-54681","post","type-post","status-publish","format-standard","hentry","category-geral"],"views":1583,"_links":{"self":[{"href":"https:\/\/www.sudoestehoje.com.br\/novoportal\/wp-json\/wp\/v2\/posts\/54681","targetHints":{"allow":["GET"]}}],"collection":[{"href":"https:\/\/www.sudoestehoje.com.br\/novoportal\/wp-json\/wp\/v2\/posts"}],"about":[{"href":"https:\/\/www.sudoestehoje.com.br\/novoportal\/wp-json\/wp\/v2\/types\/post"}],"author":[{"embeddable":true,"href":"https:\/\/www.sudoestehoje.com.br\/novoportal\/wp-json\/wp\/v2\/users\/2"}],"replies":[{"embeddable":true,"href":"https:\/\/www.sudoestehoje.com.br\/novoportal\/wp-json\/wp\/v2\/comments?post=54681"}],"version-history":[{"count":2,"href":"https:\/\/www.sudoestehoje.com.br\/novoportal\/wp-json\/wp\/v2\/posts\/54681\/revisions"}],"predecessor-version":[{"id":54684,"href":"https:\/\/www.sudoestehoje.com.br\/novoportal\/wp-json\/wp\/v2\/posts\/54681\/revisions\/54684"}],"wp:attachment":[{"href":"https:\/\/www.sudoestehoje.com.br\/novoportal\/wp-json\/wp\/v2\/media?parent=54681"}],"wp:term":[{"taxonomy":"category","embeddable":true,"href":"https:\/\/www.sudoestehoje.com.br\/novoportal\/wp-json\/wp\/v2\/categories?post=54681"},{"taxonomy":"post_tag","embeddable":true,"href":"https:\/\/www.sudoestehoje.com.br\/novoportal\/wp-json\/wp\/v2\/tags?post=54681"}],"curies":[{"name":"wp","href":"https:\/\/api.w.org\/{rel}","templated":true}]}}