
{"id":54676,"date":"2015-12-28T23:15:37","date_gmt":"2015-12-29T02:15:37","guid":{"rendered":"http:\/\/www.sudoestehoje.com.br\/novoportal\/?p=54676"},"modified":"2015-12-28T23:42:25","modified_gmt":"2015-12-29T02:42:25","slug":"jequie-prefeita-tania-brito-e-afastada-do-cargo-por-ordem-judicial","status":"publish","type":"post","link":"https:\/\/www.sudoestehoje.com.br\/novoportal\/2015\/12\/28\/jequie-prefeita-tania-brito-e-afastada-do-cargo-por-ordem-judicial\/","title":{"rendered":"JEQUI\u00c9: PREFEITA T\u00c2NIA BRITO \u00c9 AFASTADA DO CARGO POR ORDEM JUDICIAL"},"content":{"rendered":"<p><a href=\"http:\/\/www.sudoestehoje.com.br\/novoportal\/wp-content\/uploads\/2015\/12\/TANIA1.jpg\"><img loading=\"lazy\" decoding=\"async\" class=\"aligncenter  wp-image-54677\" src=\"http:\/\/www.sudoestehoje.com.br\/novoportal\/wp-content\/uploads\/2015\/12\/TANIA1-500x337.jpg\" alt=\"TANIA\" width=\"500\" height=\"337\" \/><\/a><\/p>\n<p>O Juiz Glauco Dainese Campos, da 2\u00aa Vara C\u00edvel da Comarca de Jequi\u00e9, recebeu a a\u00e7\u00e3o civil p\u00fablica do Minist\u00e9rio P\u00fablico Estadual-MPE e, nesta segunda-feira (28\/12), \u00a0despachou atendendo ao pedido de antecipa\u00e7\u00e3o de tutela, determinando por meio de liminar (decis\u00e3o provis\u00f3ria), o afastamento da prefeita T\u00e2nia Britto e do secret\u00e1rio de Educa\u00e7\u00e3o, Jo\u00e3o Magno Chaves (j\u00e1 exonerado do cargo), com a indisponibilidade de seus bens m\u00f3veis e im\u00f3veis.<\/p>\n<p>No despacho, o Juiz determina a intima\u00e7\u00e3o do vice-prefeito Luiz S\u00e9rgio Suzarte Almeida, \u201cS\u00e9rgio da Gameleira\u201d, para assumir o cargo devendo o mesmo responder aos of\u00edcios do Minist\u00e9rio P\u00fablico acerca da falta de aulas na rede municipal, num prazo de 15 dias, sob pena de responsabiliza\u00e7\u00e3o.<\/p>\n<p>Ao deferir a liminar o Juiz determina o afastamento da prefeita e do secret\u00e1rio, sem preju\u00edzo de suas remunera\u00e7\u00f5es at\u00e9 o final da instru\u00e7\u00e3o processual, determinando ainda a indisponibilidade dos bens dos acionados at\u00e9 o julgamento final da a\u00e7\u00e3o. \u00c9 determinado ainda, o imediato bloqueio das contas banc\u00e1rias e aplica\u00e7\u00f5es financeiras dos mesmos na rede banc\u00e1ria com filiais em Jequi\u00e9.<\/p>\n<p>\u201dEm fun\u00e7\u00e3o da urg\u00eancia que o caso requer que se oficie diretamente aos Ju\u00edzes das Comarcas de Jita\u00fana, Itag\u00ed, Ibirataia, Ipiau, Aiquara, Ilh\u00e9us, Itabuna, Salvador e Itajib\u00e1, comunicando-lhes acerca da indisponibilidade dos bens dos acionados, solicitando-lhes as medidas necess\u00e1rias perante os cart\u00f3rios de im\u00f3veis dessas localidades\u201d.<\/p>\n<p>\u00c9 determinado ainda o envio de of\u00edcio \u00e0 Receita Federal, requisitando as cinco \u00faltimas declara\u00e7\u00f5es do Imposto de Renda dos acionados que dever\u00e3o ser arquivadas em cart\u00f3rio, observando-se o sigilo fiscal. A prefeita e o ex-secret\u00e1rio ir\u00e3o responder \u00e0 a\u00e7\u00e3o cabendo recurso acerca da decis\u00e3o.*Jequi\u00e9 Rep\u00f3rter.<\/p>\n<p><img decoding=\"async\" class=\"aligncenter\" src=\"http:\/\/www.sudoestehoje.com.br\/novoportal\/wp-content\/uploads\/2015\/12\/Feira-do-Lar-1-500x332.png\" alt=\"Feira-do-Lar (1)\" \/><\/p>\n","protected":false},"excerpt":{"rendered":"<p>O Juiz Glauco Dainese Campos, da 2\u00aa Vara C\u00edvel da Comarca de Jequi\u00e9, recebeu a a\u00e7\u00e3o civil p\u00fablica do Minist\u00e9rio P\u00fablico Estadual-MPE e, nesta segunda-feira (28\/12), \u00a0despachou atendendo ao pedido de antecipa\u00e7\u00e3o de tutela, determinando por meio de liminar (decis\u00e3o provis\u00f3ria), o afastamento da prefeita T\u00e2nia Britto e do secret\u00e1rio de Educa\u00e7\u00e3o, Jo\u00e3o Magno Chaves [&hellip;]<\/p>\n","protected":false},"author":2,"featured_media":0,"comment_status":"open","ping_status":"open","sticky":false,"template":"","format":"standard","meta":{"footnotes":"","_links_to":"","_links_to_target":""},"categories":[1],"tags":[],"class_list":["post-54676","post","type-post","status-publish","format-standard","hentry","category-geral"],"views":2417,"_links":{"self":[{"href":"https:\/\/www.sudoestehoje.com.br\/novoportal\/wp-json\/wp\/v2\/posts\/54676","targetHints":{"allow":["GET"]}}],"collection":[{"href":"https:\/\/www.sudoestehoje.com.br\/novoportal\/wp-json\/wp\/v2\/posts"}],"about":[{"href":"https:\/\/www.sudoestehoje.com.br\/novoportal\/wp-json\/wp\/v2\/types\/post"}],"author":[{"embeddable":true,"href":"https:\/\/www.sudoestehoje.com.br\/novoportal\/wp-json\/wp\/v2\/users\/2"}],"replies":[{"embeddable":true,"href":"https:\/\/www.sudoestehoje.com.br\/novoportal\/wp-json\/wp\/v2\/comments?post=54676"}],"version-history":[{"count":3,"href":"https:\/\/www.sudoestehoje.com.br\/novoportal\/wp-json\/wp\/v2\/posts\/54676\/revisions"}],"predecessor-version":[{"id":54680,"href":"https:\/\/www.sudoestehoje.com.br\/novoportal\/wp-json\/wp\/v2\/posts\/54676\/revisions\/54680"}],"wp:attachment":[{"href":"https:\/\/www.sudoestehoje.com.br\/novoportal\/wp-json\/wp\/v2\/media?parent=54676"}],"wp:term":[{"taxonomy":"category","embeddable":true,"href":"https:\/\/www.sudoestehoje.com.br\/novoportal\/wp-json\/wp\/v2\/categories?post=54676"},{"taxonomy":"post_tag","embeddable":true,"href":"https:\/\/www.sudoestehoje.com.br\/novoportal\/wp-json\/wp\/v2\/tags?post=54676"}],"curies":[{"name":"wp","href":"https:\/\/api.w.org\/{rel}","templated":true}]}}