
{"id":54670,"date":"2015-12-28T18:30:27","date_gmt":"2015-12-28T21:30:27","guid":{"rendered":"http:\/\/www.sudoestehoje.com.br\/novoportal\/?p=54670"},"modified":"2015-12-28T21:06:31","modified_gmt":"2015-12-29T00:06:31","slug":"itarantim-prefeito-paulo-fernandes-consegue-solucao-rapida-para-problema-de-abastecimento","status":"publish","type":"post","link":"https:\/\/www.sudoestehoje.com.br\/novoportal\/2015\/12\/28\/itarantim-prefeito-paulo-fernandes-consegue-solucao-rapida-para-problema-de-abastecimento\/","title":{"rendered":"ITARANTIM: PREFEITO PAULO FERNANDES CONSEGUE NA EMBASA SOLU\u00c7\u00c3O R\u00c1PIDA PARA PROBLEMA DE ABASTECIMENTO"},"content":{"rendered":"<div id=\"attachment_54671\" style=\"width: 510px\" class=\"wp-caption aligncenter\"><a href=\"http:\/\/www.sudoestehoje.com.br\/novoportal\/wp-content\/uploads\/2015\/12\/embasa.jpg\"><img loading=\"lazy\" decoding=\"async\" aria-describedby=\"caption-attachment-54671\" class=\"size-medium wp-image-54671\" src=\"http:\/\/www.sudoestehoje.com.br\/novoportal\/wp-content\/uploads\/2015\/12\/embasa-500x375.jpg\" alt=\"PREFEITO PAULO FERNANDES SE REUNIU COM DIRE\u00c7\u00c3O DA EMBASA EM SALVADOR\" width=\"500\" height=\"375\" srcset=\"https:\/\/www.sudoestehoje.com.br\/novoportal\/wp-content\/uploads\/2015\/12\/embasa-500x375.jpg 500w, https:\/\/www.sudoestehoje.com.br\/novoportal\/wp-content\/uploads\/2015\/12\/embasa.jpg 640w\" sizes=\"auto, (max-width: 500px) 100vw, 500px\" \/><\/a><p id=\"caption-attachment-54671\" class=\"wp-caption-text\">PREFEITO PAULO FERNANDES SE REUNIU COM DIRE\u00c7\u00c3O DA EMBASA EM SALVADOR<\/p><\/div>\n<p>Diante da crise h\u00eddrica que se abateu na regi\u00e3o, atingindo em cheio a cidade de Itarantim, o prefeito Paulo Fernandes (PSB) tem buscado, incessantemente, uma solu\u00e7\u00e3o r\u00e1pida para o problema, restabelecendo o abastecimento de \u00e1gua no seu munic\u00edpio.<\/p>\n<p>Depois de uma reuni\u00e3o de emerg\u00eancia com a dire\u00e7\u00e3o da Embasa, o prefeito retornou de Salvador com boas not\u00edcias e garantiu \u00e0 popula\u00e7\u00e3o que os problemas de abastecimento ser\u00e3o resolvidos, com as seguinte provid\u00eancias:<\/p>\n<div>\n<p>A partir desta ter\u00e7a feira (29), vinte carros pipa servir\u00e3o \u00e0 comunidade, com abastecimento coordenado por bairros, o que dever\u00e1 melhorar a distribui\u00e7\u00e3o de \u00e1gua na cidade;<\/p>\n<p>Ficou assegurado, em acordo firmado com o diretor da Embasa, Rog\u00e9rio Cedraz, que at\u00e9 o dia 15 de janeiro o abastecimento na cidade atingir\u00e1 80%, prazo em que ser\u00e1 conclu\u00edda a obra de instala\u00e7\u00e3o do po\u00e7o artesiano do Palmeira;<\/p>\n<p>Ficou assegurada tamb\u00e9m a limpeza da antiga barragem, pela Embasa, atrav\u00e9s da contrata\u00e7\u00e3o de uma empresa especializada, com dispensa de licita\u00e7\u00e3o, o que \u00e9 permitido em raz\u00e3o do Decreto de Estado de Emerg\u00eancia baixado pelo prefeito Paulo Fernandes, ratificado pelo Governo do Estado.<\/p>\n<p>Em Janeiro, a uma equipe t\u00e9cnica estar\u00e1 fazendo um estudo mais detalhado para a constru\u00e7\u00e3o da almejada barragem do Rio Mandim, solu\u00e7\u00e3o definitiva para o problema de abastecimento de \u00e1gua na cidade.<\/p>\n<p>Um pronunciamento da Senadora L\u00eddice da Mata (PSB), atrav\u00e9s de entrevista na R\u00e1dio Itarantim FM, \u00e9 aguardado e poder\u00e1 trazer mais novidades para o munic\u00edpio.<\/p>\n<\/div>\n<div><em><strong>Por Davi Ferraz<\/strong> (Informa\u00e7\u00f5es e foto Itarantim Agora)\u00a0<\/em><\/div>\n<div><img decoding=\"async\" class=\"aligncenter\" src=\"http:\/\/www.sudoestehoje.com.br\/novoportal\/wp-content\/uploads\/2015\/12\/cart%C3%A3o-cooleite-500x375.jpg\" alt=\"COOLEITE - FELIZ NATAL - BOAS FESTAS\" \/><\/div>\n","protected":false},"excerpt":{"rendered":"<p>Diante da crise h\u00eddrica que se abateu na regi\u00e3o, atingindo em cheio a cidade de Itarantim, o prefeito Paulo Fernandes (PSB) tem buscado, incessantemente, uma solu\u00e7\u00e3o r\u00e1pida para o problema, restabelecendo o abastecimento de \u00e1gua no seu munic\u00edpio. Depois de uma reuni\u00e3o de emerg\u00eancia com a dire\u00e7\u00e3o da Embasa, o prefeito retornou de Salvador com [&hellip;]<\/p>\n","protected":false},"author":2,"featured_media":0,"comment_status":"open","ping_status":"open","sticky":false,"template":"","format":"standard","meta":{"footnotes":"","_links_to":"","_links_to_target":""},"categories":[1],"tags":[],"class_list":["post-54670","post","type-post","status-publish","format-standard","hentry","category-geral"],"views":1854,"_links":{"self":[{"href":"https:\/\/www.sudoestehoje.com.br\/novoportal\/wp-json\/wp\/v2\/posts\/54670","targetHints":{"allow":["GET"]}}],"collection":[{"href":"https:\/\/www.sudoestehoje.com.br\/novoportal\/wp-json\/wp\/v2\/posts"}],"about":[{"href":"https:\/\/www.sudoestehoje.com.br\/novoportal\/wp-json\/wp\/v2\/types\/post"}],"author":[{"embeddable":true,"href":"https:\/\/www.sudoestehoje.com.br\/novoportal\/wp-json\/wp\/v2\/users\/2"}],"replies":[{"embeddable":true,"href":"https:\/\/www.sudoestehoje.com.br\/novoportal\/wp-json\/wp\/v2\/comments?post=54670"}],"version-history":[{"count":4,"href":"https:\/\/www.sudoestehoje.com.br\/novoportal\/wp-json\/wp\/v2\/posts\/54670\/revisions"}],"predecessor-version":[{"id":54675,"href":"https:\/\/www.sudoestehoje.com.br\/novoportal\/wp-json\/wp\/v2\/posts\/54670\/revisions\/54675"}],"wp:attachment":[{"href":"https:\/\/www.sudoestehoje.com.br\/novoportal\/wp-json\/wp\/v2\/media?parent=54670"}],"wp:term":[{"taxonomy":"category","embeddable":true,"href":"https:\/\/www.sudoestehoje.com.br\/novoportal\/wp-json\/wp\/v2\/categories?post=54670"},{"taxonomy":"post_tag","embeddable":true,"href":"https:\/\/www.sudoestehoje.com.br\/novoportal\/wp-json\/wp\/v2\/tags?post=54670"}],"curies":[{"name":"wp","href":"https:\/\/api.w.org\/{rel}","templated":true}]}}