
{"id":5462,"date":"2011-06-05T03:16:38","date_gmt":"2011-06-05T06:16:38","guid":{"rendered":"http:\/\/www.sudoestehoje.com.br\/novoportal\/?p=5462"},"modified":"2011-06-05T03:32:08","modified_gmt":"2011-06-05T06:32:08","slug":"5462","status":"publish","type":"post","link":"https:\/\/www.sudoestehoje.com.br\/novoportal\/2011\/06\/05\/5462\/","title":{"rendered":"ITAPETINGA: COM\u00c9RCIO SENTE OS EFEITOS DAS DEMISS\u00d5ES NA AZAL\u00c9IA"},"content":{"rendered":"<p style=\"text-align: center;\"><a href=\"http:\/\/www.sudoestehoje.com.br\/novoportal\/wp-content\/uploads\/2011\/06\/100_5418.jpg\"><img loading=\"lazy\" decoding=\"async\" class=\"size-medium wp-image-5463  aligncenter\" title=\"100_5418\" src=\"http:\/\/www.sudoestehoje.com.br\/novoportal\/wp-content\/uploads\/2011\/06\/100_5418-500x375.jpg\" alt=\"\" width=\"500\" height=\"375\" srcset=\"https:\/\/www.sudoestehoje.com.br\/novoportal\/wp-content\/uploads\/2011\/06\/100_5418-500x375.jpg 500w, https:\/\/www.sudoestehoje.com.br\/novoportal\/wp-content\/uploads\/2011\/06\/100_5418-1024x768.jpg 1024w\" sizes=\"auto, (max-width: 500px) 100vw, 500px\" \/><\/a><\/p>\n<p style=\"text-align: center;\"><em><strong>Pr\u00e9dios onde funcionavam o Ponto Frio e a L&#8217;\u00e1qua di Fiore <\/strong><\/em><\/p>\n<p>\u00a0<\/p>\n<p>ITAPETINGA: O com\u00e9rcio de Itapetinga, que viveu um per\u00edodo de grande crescimento\u00a0no embalo dos mais de 10 mil emprgos gerados pela Azal\u00e9ia, come\u00e7a a sofrer uma progressiva \u00a0retra\u00e7\u00e3o, sob o efeito das quase 4 mil demiss\u00f5es que a f\u00e1brica computou, de novembro de 2010 a maio de 2011.<\/p>\n<p style=\"text-align: center;\"><a href=\"http:\/\/www.sudoestehoje.com.br\/novoportal\/wp-content\/uploads\/2011\/06\/100_5420.jpg\"><img loading=\"lazy\" decoding=\"async\" class=\"size-medium wp-image-5464  aligncenter\" title=\"100_5420\" src=\"http:\/\/www.sudoestehoje.com.br\/novoportal\/wp-content\/uploads\/2011\/06\/100_5420-500x375.jpg\" alt=\"\" width=\"500\" height=\"375\" srcset=\"https:\/\/www.sudoestehoje.com.br\/novoportal\/wp-content\/uploads\/2011\/06\/100_5420-500x375.jpg 500w, https:\/\/www.sudoestehoje.com.br\/novoportal\/wp-content\/uploads\/2011\/06\/100_5420-1024x768.jpg 1024w\" sizes=\"auto, (max-width: 500px) 100vw, 500px\" \/><\/a><\/p>\n<p style=\"text-align: center;\"><em><strong>Lojas fechadas com placas anunciando aluguel<\/strong><\/em><\/p>\n<p>\u00a0<\/p>\n<p>Nas principais ruas do centro comercial da cidade, in\u00fameras lojas fecharam as portas, fugindo dos altos pre\u00e7os dos alugu\u00e9is, que haviam aumentado substancialmente, a partir da chegada da ind\u00fastria de cal\u00e7ados na regi\u00e3o, chegando a um patamar irreal, para o nivel de vendas do com\u00e9rcio local.<\/p>\n<p style=\"text-align: center;\"><a href=\"http:\/\/www.sudoestehoje.com.br\/novoportal\/wp-content\/uploads\/2011\/06\/100_5423.jpg\"><img loading=\"lazy\" decoding=\"async\" class=\"size-medium wp-image-5465  aligncenter\" title=\"100_5423\" src=\"http:\/\/www.sudoestehoje.com.br\/novoportal\/wp-content\/uploads\/2011\/06\/100_5423-500x375.jpg\" alt=\"\" width=\"500\" height=\"375\" srcset=\"https:\/\/www.sudoestehoje.com.br\/novoportal\/wp-content\/uploads\/2011\/06\/100_5423-500x375.jpg 500w, https:\/\/www.sudoestehoje.com.br\/novoportal\/wp-content\/uploads\/2011\/06\/100_5423-1024x768.jpg 1024w\" sizes=\"auto, (max-width: 500px) 100vw, 500px\" \/><\/a><\/p>\n<p style=\"text-align: center;\"><em><strong>A Loja da Vivo fechou, reabriu e voltou a fechar<\/strong><\/em><\/p>\n<p>\u00a0<\/p>\n<p>Na rua Jo\u00e3o Pessoa, por exemplo, quase metade das lojas fecharam as portas. Algumas delas encerraram as suas atividades em car\u00e1ter definitivo, como a Vivo e o Ponto\u00a0Frio,\u00a0enquanto outras\u00a0mudaram apenas de endere\u00e7o, fugindo dos altos alugu\u00e9is.<\/p>\n<p style=\"text-align: center;\"><a href=\"http:\/\/www.sudoestehoje.com.br\/novoportal\/wp-content\/uploads\/2011\/06\/100_5422.jpg\"><img loading=\"lazy\" decoding=\"async\" class=\"size-medium wp-image-5466  aligncenter\" title=\"100_5422\" src=\"http:\/\/www.sudoestehoje.com.br\/novoportal\/wp-content\/uploads\/2011\/06\/100_5422-500x375.jpg\" alt=\"\" width=\"500\" height=\"375\" srcset=\"https:\/\/www.sudoestehoje.com.br\/novoportal\/wp-content\/uploads\/2011\/06\/100_5422-500x375.jpg 500w, https:\/\/www.sudoestehoje.com.br\/novoportal\/wp-content\/uploads\/2011\/06\/100_5422-1024x768.jpg 1024w\" sizes=\"auto, (max-width: 500px) 100vw, 500px\" \/><\/a><\/p>\n<p style=\"text-align: center;\"><em><strong>A loja da Ortobom fechou\u00a0ou mudou de endere\u00e7o<\/strong><\/em><\/p>\n<p>\u00a0<\/p>\n<p>Seja qual for o motivo, o cen\u00e1rio \u00e9 desolador e preocupante, o que demonstra que uma grave crise pode se abater sobre o com\u00e9rcio local, se a onda de demiss\u00f5es na Azal\u00e9ia n\u00e3o for interrompida. S\u00f3 nos resta torcer para que a economia local volte a se recuperar e que o nosso despreocupado prefeito n\u00e3o venha com aquela hist\u00f3ria de que <em>&#8216;tudo n\u00e3o passa de terrorismo dos blogs&#8217;.<\/em><\/p>\n<p><em><strong>Por DAVI FERRAZ<\/strong><\/em><\/p>\n","protected":false},"excerpt":{"rendered":"<p>Pr\u00e9dios onde funcionavam o Ponto Frio e a L&#8217;\u00e1qua di Fiore \u00a0 ITAPETINGA: O com\u00e9rcio de Itapetinga, que viveu um per\u00edodo de grande crescimento\u00a0no embalo dos mais de 10 mil emprgos gerados pela Azal\u00e9ia, come\u00e7a a sofrer uma progressiva \u00a0retra\u00e7\u00e3o, sob o efeito das quase 4 mil demiss\u00f5es que a f\u00e1brica computou, de novembro de [&hellip;]<\/p>\n","protected":false},"author":2,"featured_media":0,"comment_status":"open","ping_status":"open","sticky":false,"template":"","format":"standard","meta":{"footnotes":"","_links_to":"","_links_to_target":""},"categories":[1],"tags":[],"class_list":["post-5462","post","type-post","status-publish","format-standard","hentry","category-geral"],"views":1891,"_links":{"self":[{"href":"https:\/\/www.sudoestehoje.com.br\/novoportal\/wp-json\/wp\/v2\/posts\/5462","targetHints":{"allow":["GET"]}}],"collection":[{"href":"https:\/\/www.sudoestehoje.com.br\/novoportal\/wp-json\/wp\/v2\/posts"}],"about":[{"href":"https:\/\/www.sudoestehoje.com.br\/novoportal\/wp-json\/wp\/v2\/types\/post"}],"author":[{"embeddable":true,"href":"https:\/\/www.sudoestehoje.com.br\/novoportal\/wp-json\/wp\/v2\/users\/2"}],"replies":[{"embeddable":true,"href":"https:\/\/www.sudoestehoje.com.br\/novoportal\/wp-json\/wp\/v2\/comments?post=5462"}],"version-history":[{"count":8,"href":"https:\/\/www.sudoestehoje.com.br\/novoportal\/wp-json\/wp\/v2\/posts\/5462\/revisions"}],"predecessor-version":[{"id":5471,"href":"https:\/\/www.sudoestehoje.com.br\/novoportal\/wp-json\/wp\/v2\/posts\/5462\/revisions\/5471"}],"wp:attachment":[{"href":"https:\/\/www.sudoestehoje.com.br\/novoportal\/wp-json\/wp\/v2\/media?parent=5462"}],"wp:term":[{"taxonomy":"category","embeddable":true,"href":"https:\/\/www.sudoestehoje.com.br\/novoportal\/wp-json\/wp\/v2\/categories?post=5462"},{"taxonomy":"post_tag","embeddable":true,"href":"https:\/\/www.sudoestehoje.com.br\/novoportal\/wp-json\/wp\/v2\/tags?post=5462"}],"curies":[{"name":"wp","href":"https:\/\/api.w.org\/{rel}","templated":true}]}}