
{"id":54608,"date":"2015-12-24T18:24:54","date_gmt":"2015-12-24T21:24:54","guid":{"rendered":"http:\/\/www.sudoestehoje.com.br\/novoportal\/?p=54608"},"modified":"2015-12-24T18:24:54","modified_gmt":"2015-12-24T21:24:54","slug":"comercio-de-itapetinga-anima-um-pouco-as-vesperas-do-natal","status":"publish","type":"post","link":"https:\/\/www.sudoestehoje.com.br\/novoportal\/2015\/12\/24\/comercio-de-itapetinga-anima-um-pouco-as-vesperas-do-natal\/","title":{"rendered":"COM\u00c9RCIO DE ITAPETINGA ANIMA UM POUCO \u00c0S V\u00c9SPERAS DO NATAL"},"content":{"rendered":"<p><a href=\"http:\/\/www.sudoestehoje.com.br\/novoportal\/wp-content\/uploads\/2015\/12\/alameda.jpg\"><img loading=\"lazy\" decoding=\"async\" class=\"aligncenter size-medium wp-image-54609\" src=\"http:\/\/www.sudoestehoje.com.br\/novoportal\/wp-content\/uploads\/2015\/12\/alameda-500x300.jpg\" alt=\"alameda\" width=\"500\" height=\"300\" srcset=\"https:\/\/www.sudoestehoje.com.br\/novoportal\/wp-content\/uploads\/2015\/12\/alameda-500x300.jpg 500w, https:\/\/www.sudoestehoje.com.br\/novoportal\/wp-content\/uploads\/2015\/12\/alameda-700x420.jpg 700w, https:\/\/www.sudoestehoje.com.br\/novoportal\/wp-content\/uploads\/2015\/12\/alameda.jpg 960w\" sizes=\"auto, (max-width: 500px) 100vw, 500px\" \/><\/a><\/p>\n<p>Depois de amargar um ano dif\u00edcil, com a redu\u00e7\u00e3o dr\u00e1stica nas vendas, o com\u00e9rcio de Itapetinga animou um pouco \u00e0s v\u00e9speras do Natal, como acontece todos os anos. O movimento pode ser notado por quem transitou pelo centro comercial da cidade, nesta \u00faltima semana.<\/p>\n<p>O motivo da alta nas vendas natalinas foi a entrada da segunda parcela do d\u00e9cimo terceiro sal\u00e1rio, que foi pago a a partir do dia 20 de dezembro, apesar de alguns empregadores, como a prefeitura de Itapetinga, n\u00e3o terem cumprido integralmente as suas obriga\u00e7\u00f5es salariais com seus empregados.<\/p>\n<p><a href=\"http:\/\/www.sudoestehoje.com.br\/novoportal\/wp-content\/uploads\/2015\/12\/supermoda.jpg\"><img loading=\"lazy\" decoding=\"async\" class=\"aligncenter size-medium wp-image-54610\" src=\"http:\/\/www.sudoestehoje.com.br\/novoportal\/wp-content\/uploads\/2015\/12\/supermoda-500x300.jpg\" alt=\"supermoda\" width=\"500\" height=\"300\" srcset=\"https:\/\/www.sudoestehoje.com.br\/novoportal\/wp-content\/uploads\/2015\/12\/supermoda-500x300.jpg 500w, https:\/\/www.sudoestehoje.com.br\/novoportal\/wp-content\/uploads\/2015\/12\/supermoda-700x420.jpg 700w, https:\/\/www.sudoestehoje.com.br\/novoportal\/wp-content\/uploads\/2015\/12\/supermoda.jpg 960w\" sizes=\"auto, (max-width: 500px) 100vw, 500px\" \/><\/a><\/p>\n<p>Servidores contratados e nomeados do munic\u00edpio contabilizam meses e meses de sal\u00e1rios atrasados, e v\u00e3o passar o natal a p\u00e3o e \u00e1gua, fato que reflete fortemente nas vendas do com\u00e9rcio local.<\/p>\n<p>Segundo alguns comerciantes, entretanto, n\u00e3o h\u00e1 motivos para o setor se animar com o movimento do per\u00edodo natalino, j\u00e1 que a crise ainda pode se agravar durante o ano de 2016, prejudicando a atividade comercial. O momento \u00e9 de incertezas, segundo o empresariado local.<\/p>\n<p><strong><em>Por Davi Ferraz\u00a0<\/em><\/strong><\/p>\n<p><a href=\"http:\/\/www.sudoestehoje.com.br\/novoportal\/wp-content\/uploads\/2015\/12\/diga.jpg\"><img loading=\"lazy\" decoding=\"async\" class=\"aligncenter size-medium wp-image-54611\" src=\"http:\/\/www.sudoestehoje.com.br\/novoportal\/wp-content\/uploads\/2015\/12\/diga-500x266.jpg\" alt=\"diga\" width=\"500\" height=\"266\" srcset=\"https:\/\/www.sudoestehoje.com.br\/novoportal\/wp-content\/uploads\/2015\/12\/diga-500x266.jpg 500w, https:\/\/www.sudoestehoje.com.br\/novoportal\/wp-content\/uploads\/2015\/12\/diga.jpg 599w\" sizes=\"auto, (max-width: 500px) 100vw, 500px\" \/><\/a><\/p>\n","protected":false},"excerpt":{"rendered":"<p>Depois de amargar um ano dif\u00edcil, com a redu\u00e7\u00e3o dr\u00e1stica nas vendas, o com\u00e9rcio de Itapetinga animou um pouco \u00e0s v\u00e9speras do Natal, como acontece todos os anos. O movimento pode ser notado por quem transitou pelo centro comercial da cidade, nesta \u00faltima semana. O motivo da alta nas vendas natalinas foi a entrada da [&hellip;]<\/p>\n","protected":false},"author":2,"featured_media":0,"comment_status":"open","ping_status":"open","sticky":false,"template":"","format":"standard","meta":{"footnotes":"","_links_to":"","_links_to_target":""},"categories":[1],"tags":[],"class_list":["post-54608","post","type-post","status-publish","format-standard","hentry","category-geral"],"views":2055,"_links":{"self":[{"href":"https:\/\/www.sudoestehoje.com.br\/novoportal\/wp-json\/wp\/v2\/posts\/54608","targetHints":{"allow":["GET"]}}],"collection":[{"href":"https:\/\/www.sudoestehoje.com.br\/novoportal\/wp-json\/wp\/v2\/posts"}],"about":[{"href":"https:\/\/www.sudoestehoje.com.br\/novoportal\/wp-json\/wp\/v2\/types\/post"}],"author":[{"embeddable":true,"href":"https:\/\/www.sudoestehoje.com.br\/novoportal\/wp-json\/wp\/v2\/users\/2"}],"replies":[{"embeddable":true,"href":"https:\/\/www.sudoestehoje.com.br\/novoportal\/wp-json\/wp\/v2\/comments?post=54608"}],"version-history":[{"count":1,"href":"https:\/\/www.sudoestehoje.com.br\/novoportal\/wp-json\/wp\/v2\/posts\/54608\/revisions"}],"predecessor-version":[{"id":54612,"href":"https:\/\/www.sudoestehoje.com.br\/novoportal\/wp-json\/wp\/v2\/posts\/54608\/revisions\/54612"}],"wp:attachment":[{"href":"https:\/\/www.sudoestehoje.com.br\/novoportal\/wp-json\/wp\/v2\/media?parent=54608"}],"wp:term":[{"taxonomy":"category","embeddable":true,"href":"https:\/\/www.sudoestehoje.com.br\/novoportal\/wp-json\/wp\/v2\/categories?post=54608"},{"taxonomy":"post_tag","embeddable":true,"href":"https:\/\/www.sudoestehoje.com.br\/novoportal\/wp-json\/wp\/v2\/tags?post=54608"}],"curies":[{"name":"wp","href":"https:\/\/api.w.org\/{rel}","templated":true}]}}