
{"id":54603,"date":"2015-12-24T12:36:27","date_gmt":"2015-12-24T15:36:27","guid":{"rendered":"http:\/\/www.sudoestehoje.com.br\/novoportal\/?p=54603"},"modified":"2015-12-24T12:36:27","modified_gmt":"2015-12-24T15:36:27","slug":"veja-como-votou-cada-deputado-estadual-na-pec-dos-servidores","status":"publish","type":"post","link":"https:\/\/www.sudoestehoje.com.br\/novoportal\/2015\/12\/24\/veja-como-votou-cada-deputado-estadual-na-pec-dos-servidores\/","title":{"rendered":"VEJA COMO VOTOU CADA DEPUTADO ESTADUAL NA PEC DOS SERVIDORES"},"content":{"rendered":"<p><a href=\"http:\/\/www.sudoestehoje.com.br\/novoportal\/wp-content\/uploads\/2015\/12\/PEC.jpg\"><img loading=\"lazy\" decoding=\"async\" class=\"aligncenter size-medium wp-image-54605\" src=\"http:\/\/www.sudoestehoje.com.br\/novoportal\/wp-content\/uploads\/2015\/12\/PEC-500x332.jpg\" alt=\"PEC\" width=\"500\" height=\"332\" srcset=\"https:\/\/www.sudoestehoje.com.br\/novoportal\/wp-content\/uploads\/2015\/12\/PEC-500x332.jpg 500w, https:\/\/www.sudoestehoje.com.br\/novoportal\/wp-content\/uploads\/2015\/12\/PEC-700x465.jpg 700w, https:\/\/www.sudoestehoje.com.br\/novoportal\/wp-content\/uploads\/2015\/12\/PEC.jpg 800w\" sizes=\"auto, (max-width: 500px) 100vw, 500px\" \/><\/a><\/p>\n<p>Os deputados estaduais aprovaram, na tarde desta quarta-feira (23), a Proposta de Emenda \u00e0 Constitui\u00e7\u00e3o (PEC), do executivo baiano, que altera o Estatuto do Servidor. O projeto foi aprovado com 39 votos a favor, 16 contra, e nenhuma absten\u00e7\u00e3o.<\/p>\n<p>Os parlamentares J\u00e2nio Natal (PRP) e Pablo Barrozo (DEM) estavam ausentes. Leur Lomanto J\u00fanior (PMDB), Luciano Ribeiro (DEM), Robinho (PP) e Vando (PSC) n\u00e3o tiveram os votos registrados. O presidente da Assembleia Legislativa da Bahia (Alba), deputado estadual Marcelo Nilo (sem partido), n\u00e3o vota.<\/p>\n<p><strong>Votaram a favor<\/strong>: Aderbal Caldas, Adolfo Menezes, Alan Castro, Alex da Piat\u00e3, Alex Lima, \u00c2ngela Sousa, \u00c2ngelo Coronel, Ant\u00f4nio Henrique J\u00fanior, Bira Cor\u00f4a, Bob\u00f4, Carlos Ubaldino, <strong>Eduardo Sales,<\/strong> Euclides Fernandes, Fabiola Mansur,<strong> Fabr\u00edcio <\/strong>Falc\u00e3o, F\u00e1tima Nunes, Gika, Ivana Bastos, Joseildo Ramos, Jurandy Oliveira, Luiz Augusto, Luiza Maia, Manass\u00e9s, Marcelino Galo, Maria del Carmen, Marquinho Viana, Nelson Leal, Neusa Cadore, Sargento Isid\u00f3rio, Paulo C\u00e2marea, Paulo Rangel, Reinaldo Braga, Rob\u00e9rio Oliveira, Roberto Carlos, Rog\u00e9rio Andrade, <strong>Rosemberg Pinto<\/strong>, Z\u00e9 Neto,<strong> Z\u00e9 Raimundo <\/strong>e Z\u00f3.<\/p>\n<p><strong>Votaram contra:<\/strong> Adolfo Viana, Alan Sanches, Augusto Castro, Carlos Geilson, F\u00e1bio Souto, <strong>Herz\u00e9m Gusm\u00e3o<\/strong>, Hild\u00e9cio Meireles, Jos\u00e9 de Arimat\u00e9ia, Luciano Sim\u00f5es, Marcell Moraes, Pedro Tavares, <strong>Sandro R\u00e9gis<\/strong>, Sidelvan N\u00f3brega, Soldado Prisco, Targino Machado e Tom Ara\u00fajo.<\/p>\n<div class=\"addtoany_share_save_container addtoany_content_bottom\">\n<div id=\"\" class=\"a2a_kit a2a_kit_size_32 addtoany_list a2a_target\"><a href=\"http:\/\/www.sudoestehoje.com.br\/novoportal\/wp-content\/uploads\/2015\/12\/CART\u00c3O-HERZEM.jpg\"><img loading=\"lazy\" decoding=\"async\" class=\"aligncenter size-medium wp-image-54604\" src=\"http:\/\/www.sudoestehoje.com.br\/novoportal\/wp-content\/uploads\/2015\/12\/CART\u00c3O-HERZEM-500x500.jpg\" alt=\"CART\u00c3O HERZEM\" width=\"500\" height=\"500\" srcset=\"https:\/\/www.sudoestehoje.com.br\/novoportal\/wp-content\/uploads\/2015\/12\/CART\u00c3O-HERZEM-500x500.jpg 500w, https:\/\/www.sudoestehoje.com.br\/novoportal\/wp-content\/uploads\/2015\/12\/CART\u00c3O-HERZEM-150x150.jpg 150w, https:\/\/www.sudoestehoje.com.br\/novoportal\/wp-content\/uploads\/2015\/12\/CART\u00c3O-HERZEM-700x700.jpg 700w, https:\/\/www.sudoestehoje.com.br\/novoportal\/wp-content\/uploads\/2015\/12\/CART\u00c3O-HERZEM.jpg 960w\" sizes=\"auto, (max-width: 500px) 100vw, 500px\" \/><\/a><\/div>\n<\/div>\n","protected":false},"excerpt":{"rendered":"<p>Os deputados estaduais aprovaram, na tarde desta quarta-feira (23), a Proposta de Emenda \u00e0 Constitui\u00e7\u00e3o (PEC), do executivo baiano, que altera o Estatuto do Servidor. O projeto foi aprovado com 39 votos a favor, 16 contra, e nenhuma absten\u00e7\u00e3o. Os parlamentares J\u00e2nio Natal (PRP) e Pablo Barrozo (DEM) estavam ausentes. Leur Lomanto J\u00fanior (PMDB), Luciano [&hellip;]<\/p>\n","protected":false},"author":2,"featured_media":0,"comment_status":"open","ping_status":"open","sticky":false,"template":"","format":"standard","meta":{"footnotes":"","_links_to":"","_links_to_target":""},"categories":[1],"tags":[],"class_list":["post-54603","post","type-post","status-publish","format-standard","hentry","category-geral"],"views":1333,"_links":{"self":[{"href":"https:\/\/www.sudoestehoje.com.br\/novoportal\/wp-json\/wp\/v2\/posts\/54603","targetHints":{"allow":["GET"]}}],"collection":[{"href":"https:\/\/www.sudoestehoje.com.br\/novoportal\/wp-json\/wp\/v2\/posts"}],"about":[{"href":"https:\/\/www.sudoestehoje.com.br\/novoportal\/wp-json\/wp\/v2\/types\/post"}],"author":[{"embeddable":true,"href":"https:\/\/www.sudoestehoje.com.br\/novoportal\/wp-json\/wp\/v2\/users\/2"}],"replies":[{"embeddable":true,"href":"https:\/\/www.sudoestehoje.com.br\/novoportal\/wp-json\/wp\/v2\/comments?post=54603"}],"version-history":[{"count":2,"href":"https:\/\/www.sudoestehoje.com.br\/novoportal\/wp-json\/wp\/v2\/posts\/54603\/revisions"}],"predecessor-version":[{"id":54607,"href":"https:\/\/www.sudoestehoje.com.br\/novoportal\/wp-json\/wp\/v2\/posts\/54603\/revisions\/54607"}],"wp:attachment":[{"href":"https:\/\/www.sudoestehoje.com.br\/novoportal\/wp-json\/wp\/v2\/media?parent=54603"}],"wp:term":[{"taxonomy":"category","embeddable":true,"href":"https:\/\/www.sudoestehoje.com.br\/novoportal\/wp-json\/wp\/v2\/categories?post=54603"},{"taxonomy":"post_tag","embeddable":true,"href":"https:\/\/www.sudoestehoje.com.br\/novoportal\/wp-json\/wp\/v2\/tags?post=54603"}],"curies":[{"name":"wp","href":"https:\/\/api.w.org\/{rel}","templated":true}]}}