
{"id":54521,"date":"2015-12-22T22:30:14","date_gmt":"2015-12-23T01:30:14","guid":{"rendered":"http:\/\/www.sudoestehoje.com.br\/novoportal\/?p=54521"},"modified":"2015-12-22T22:33:16","modified_gmt":"2015-12-23T01:33:16","slug":"universidades-projeto-relatado-por-herzem-gusmao-e-aprovado-na-assembleia","status":"publish","type":"post","link":"https:\/\/www.sudoestehoje.com.br\/novoportal\/2015\/12\/22\/universidades-projeto-relatado-por-herzem-gusmao-e-aprovado-na-assembleia\/","title":{"rendered":"UNIVERSIDADES: PROJETO RELATADO POR HERZEM GUSM\u00c3O \u00c9 APROVADO NA ASSEMBL\u00c9IA"},"content":{"rendered":"<p class=\"yiv9394948206msonormal\" style=\"margin: 0cm; margin-bottom: .0001pt; text-align: justify; background: white;\"><a href=\"http:\/\/www.sudoestehoje.com.br\/novoportal\/wp-content\/uploads\/2015\/12\/Universidades-Herzem.jpg\"><img loading=\"lazy\" decoding=\"async\" class=\"aligncenter size-medium wp-image-54522\" src=\"http:\/\/www.sudoestehoje.com.br\/novoportal\/wp-content\/uploads\/2015\/12\/Universidades-Herzem-500x332.jpg\" alt=\"Universidades Herzem\" width=\"500\" height=\"332\" srcset=\"https:\/\/www.sudoestehoje.com.br\/novoportal\/wp-content\/uploads\/2015\/12\/Universidades-Herzem-500x332.jpg 500w, https:\/\/www.sudoestehoje.com.br\/novoportal\/wp-content\/uploads\/2015\/12\/Universidades-Herzem-700x464.jpg 700w, https:\/\/www.sudoestehoje.com.br\/novoportal\/wp-content\/uploads\/2015\/12\/Universidades-Herzem.jpg 950w\" sizes=\"auto, (max-width: 500px) 100vw, 500px\" \/><\/a><\/p>\n<p class=\"yiv9394948206msonormal\" style=\"margin: 0cm; margin-bottom: .0001pt; text-align: justify; background: white;\"><span style=\"font-family: 'Segoe UI','sans-serif'; color: black;\">A Assembleia Legislativa da Bahia aprovou, por unanimidade, \u00a0o Projeto de Lei 21.599\/2015, que disp\u00f5e sobre a organiza\u00e7\u00e3o e funcionamento das Universidades Estaduais da Bahia e revoga a Lei 7176\/97, que tratava sobre o tema.<\/span><\/p>\n<p class=\"yiv9394948206msonormal\" style=\"margin: 0cm; margin-bottom: .0001pt; text-align: justify; background: white;\"><span style=\"font-size: 10.0pt; font-family: 'Segoe UI','sans-serif'; color: black;\">\u00a0<\/span><\/p>\n<p id=\"yui_3_16_0_1_1450833587934_11102\" class=\"yiv9394948206msonormal\" style=\"margin: 0cm; margin-bottom: .0001pt; text-align: justify; background: white; orphans: auto; widows: 1; -webkit-text-stroke-width: 0px; word-spacing: 0px;\"><span id=\"yui_3_16_0_1_1450833587934_11101\"><span style=\"font-family: 'Segoe UI','sans-serif'; color: black;\">A revoga\u00e7\u00e3o da Lei 7176\/96 era um anseio hist\u00f3rico da comunidade acad\u00eamica de ensino superior, sendo inclusive ponto de pauta de v\u00e1rias greves realizadas nos \u00faltimos anos pelos professores universit\u00e1rios.<\/span><\/span><\/p>\n<p class=\"yiv9394948206msonormal\" style=\"margin: 0cm; margin-bottom: .0001pt; text-align: justify; background: white;\"><span style=\"font-size: 10.0pt; font-family: 'Segoe UI','sans-serif'; color: black;\">\u00a0<\/span><\/p>\n<p id=\"yui_3_16_0_1_1450833587934_11105\" class=\"yiv9394948206msonormal\" style=\"margin: 0cm; margin-bottom: .0001pt; text-align: justify; background: white; orphans: auto; widows: 1; -webkit-text-stroke-width: 0px; word-spacing: 0px;\"><span id=\"yui_3_16_0_1_1450833587934_11104\"><span style=\"font-family: 'Segoe UI','sans-serif'; color: black;\">De acordo com o deputado Herzem Gusm\u00e3o (PMDB), relator do PL 21.599\/2015, \u201ca nova legisla\u00e7\u00e3o buscou conferir maior autonomia \u00e0s Universidades Estaduais da Bahia, o que possibilita ainda uma amplia\u00e7\u00e3o da democracia interna no ensino superior estadual\u201d.<\/span><\/span><\/p>\n<p class=\"yiv9394948206msonormal\" style=\"margin: 0cm; margin-bottom: .0001pt; text-align: justify; background: white;\"><span style=\"font-size: 10.0pt; font-family: 'Segoe UI','sans-serif'; color: black;\">\u00a0<\/span><\/p>\n<p id=\"yui_3_16_0_1_1450833587934_11109\" class=\"yiv9394948206msonormal\" style=\"margin: 0cm; margin-bottom: .0001pt; text-align: justify; background: white; orphans: auto; widows: 1; -webkit-text-stroke-width: 0px; word-spacing: 0px;\"><span id=\"yui_3_16_0_1_1450833587934_11108\"><span style=\"font-family: 'Segoe UI','sans-serif'; color: black;\">Ainda, segundo o parlamentar, \u201co novo texto busca uma melhor caracteriza\u00e7\u00e3o e finalidade das institui\u00e7\u00f5es, al\u00e9m de receitas, patrim\u00f4nio e seu quadro de pessoal\u201d. \u00a0<\/span><\/span><\/p>\n<p class=\"yiv9394948206msonormal\" style=\"margin: 0cm; margin-bottom: .0001pt; text-align: justify; background: white; orphans: auto; widows: 1; -webkit-text-stroke-width: 0px; word-spacing: 0px;\"><img decoding=\"async\" class=\" aligncenter\" src=\"http:\/\/www.sudoestehoje.com.br\/novoportal\/wp-content\/uploads\/2015\/12\/VITA-2-500x386.jpg\" alt=\"FELIZ NATAL E UM PR\u00d3SPERO ANO NOVO\" \/><\/p>\n","protected":false},"excerpt":{"rendered":"<p>A Assembleia Legislativa da Bahia aprovou, por unanimidade, \u00a0o Projeto de Lei 21.599\/2015, que disp\u00f5e sobre a organiza\u00e7\u00e3o e funcionamento das Universidades Estaduais da Bahia e revoga a Lei 7176\/97, que tratava sobre o tema. \u00a0 A revoga\u00e7\u00e3o da Lei 7176\/96 era um anseio hist\u00f3rico da comunidade acad\u00eamica de ensino superior, sendo inclusive ponto de [&hellip;]<\/p>\n","protected":false},"author":2,"featured_media":0,"comment_status":"open","ping_status":"open","sticky":false,"template":"","format":"standard","meta":{"footnotes":"","_links_to":"","_links_to_target":""},"categories":[1],"tags":[],"class_list":["post-54521","post","type-post","status-publish","format-standard","hentry","category-geral"],"views":1111,"_links":{"self":[{"href":"https:\/\/www.sudoestehoje.com.br\/novoportal\/wp-json\/wp\/v2\/posts\/54521","targetHints":{"allow":["GET"]}}],"collection":[{"href":"https:\/\/www.sudoestehoje.com.br\/novoportal\/wp-json\/wp\/v2\/posts"}],"about":[{"href":"https:\/\/www.sudoestehoje.com.br\/novoportal\/wp-json\/wp\/v2\/types\/post"}],"author":[{"embeddable":true,"href":"https:\/\/www.sudoestehoje.com.br\/novoportal\/wp-json\/wp\/v2\/users\/2"}],"replies":[{"embeddable":true,"href":"https:\/\/www.sudoestehoje.com.br\/novoportal\/wp-json\/wp\/v2\/comments?post=54521"}],"version-history":[{"count":3,"href":"https:\/\/www.sudoestehoje.com.br\/novoportal\/wp-json\/wp\/v2\/posts\/54521\/revisions"}],"predecessor-version":[{"id":54525,"href":"https:\/\/www.sudoestehoje.com.br\/novoportal\/wp-json\/wp\/v2\/posts\/54521\/revisions\/54525"}],"wp:attachment":[{"href":"https:\/\/www.sudoestehoje.com.br\/novoportal\/wp-json\/wp\/v2\/media?parent=54521"}],"wp:term":[{"taxonomy":"category","embeddable":true,"href":"https:\/\/www.sudoestehoje.com.br\/novoportal\/wp-json\/wp\/v2\/categories?post=54521"},{"taxonomy":"post_tag","embeddable":true,"href":"https:\/\/www.sudoestehoje.com.br\/novoportal\/wp-json\/wp\/v2\/tags?post=54521"}],"curies":[{"name":"wp","href":"https:\/\/api.w.org\/{rel}","templated":true}]}}