
{"id":54503,"date":"2015-12-22T21:10:07","date_gmt":"2015-12-23T00:10:07","guid":{"rendered":"http:\/\/www.sudoestehoje.com.br\/novoportal\/?p=54503"},"modified":"2015-12-22T21:11:22","modified_gmt":"2015-12-23T00:11:22","slug":"itapetinga-agua-podera-ser-racionada-se-nao-chover-ate-janeiro","status":"publish","type":"post","link":"https:\/\/www.sudoestehoje.com.br\/novoportal\/2015\/12\/22\/itapetinga-agua-podera-ser-racionada-se-nao-chover-ate-janeiro\/","title":{"rendered":"ITAPETINGA: \u00c1GUA PODER\u00c1 SER RACIONADA, SE N\u00c3O CHOVER AT\u00c9 JANEIRO"},"content":{"rendered":"<div id=\"attachment_54504\" style=\"width: 510px\" class=\"wp-caption aligncenter\"><a href=\"http:\/\/www.sudoestehoje.com.br\/novoportal\/wp-content\/uploads\/2015\/12\/agua.jpg\"><img loading=\"lazy\" decoding=\"async\" aria-describedby=\"caption-attachment-54504\" class=\"size-medium wp-image-54504\" src=\"http:\/\/www.sudoestehoje.com.br\/novoportal\/wp-content\/uploads\/2015\/12\/agua-500x300.jpg\" alt=\"Foto Sudoeste Hoje\" width=\"500\" height=\"300\" \/><\/a><p id=\"caption-attachment-54504\" class=\"wp-caption-text\">Foto Sudoeste Hoje<\/p><\/div>\n<p>Embora os dirigentes do SAAE ainda exitem em divulgar, Itapetinga poder\u00e1 passar por um racionamento de \u00e1gua a partir do in\u00edcio de janeiro, caso as chuvas n\u00e3o caiam na regi\u00e3o, principalmente nas cabeceiras do rio Catol\u00e9 e do seu principal afluente, o Catol\u00e9zinho, cujas vas\u00f5es diminu\u00edram drasticamente, com a estiagem que j\u00e1 dura mais de 4 meses.<\/p>\n<p>O rio Catol\u00e9 \u00e9 perene e n\u00e3o h\u00e1 nenhum relato de que tenha diminu\u00eddo tanto a sua vas\u00e3o, ao longo da hist\u00f3ria do munic\u00edpio. Entretanto, depois que a Embasa de Vit\u00f3ria da Conquista come\u00e7ou a captar \u00e1gua pr\u00f3ximo \u00e0 sua nascente, em Barra do Cho\u00e7a, o volume de \u00e1gua do rio vem diminuindo acentuadamente e j\u00e1 est\u00e1 afetando Itapetinga. Hoje o Catol\u00e9 abastece 40% da popula\u00e7\u00e3o de Conquista e outras cidades.<\/p>\n<p>Apesar disto, as autoridades n\u00e3o v\u00eam tratando o assunto com a devida seriedade, sem perceberem que a situa\u00e7\u00e3o poder\u00e1 se agravar ainda mais, caso vingue a constru\u00e7\u00e3o da barragem do Catol\u00e9, em Barra do Cho\u00e7a, pelo Governo do Estado. A barragem ainda n\u00e3o saiu do papel, mas ser\u00e1 constru\u00edda, inevitavelmente, para resolver parte do problema de abastecimento de Vit\u00f3ria da Conquista, maior centro urbano da regi\u00e3o.<\/p>\n<p>Neste contexto, Itapetinga fica em segundo plano e pode sofrer as consequ\u00eancias, por n\u00e3o contar com representantes pol\u00edticos de peso, que lutem para barrar essa aventura inconsequente da Embasa e do governo. Se antes pod\u00edamos contar com as \u00e1gua do Rio Pardo, em \u00faltima inst\u00e2ncia, hoje nem isto poderemos ter, j\u00e1 que o maior rio da regi\u00e3o tamb\u00e9m est\u00e1 secando.<\/p>\n<p>O SAAE n\u00e3o \u00e9 respons\u00e1vel pela seca na regi\u00e3o, mas os seus dirigentes pecam em n\u00e3o levarem o problema \u00e0 popula\u00e7\u00e3o, esperando por um milagre de S\u00e3o Pedro, \u00e1s v\u00e9speras do Natal. \u00c9 preciso assumir o problema e fazer uma campanha s\u00e9ria de esclarecimento, para economizar \u00e1gua, antes que as torneiras sequem de vez.<\/p>\n<p>\u00c9 uma quest\u00e3o vital, que precisa ser enfrentada com transpar\u00eancia, seriedade e compet\u00eancia.<\/p>\n<p><em><strong>Por Davi Ferraz<a href=\"http:\/\/www.sudoestehoje.com.br\/novoportal\/wp-content\/uploads\/2015\/12\/agua.jpg\"><br \/>\n<\/a><\/strong><\/em><\/p>\n<p><img decoding=\"async\" class=\"aligncenter\" src=\"http:\/\/www.sudoestehoje.com.br\/novoportal\/wp-content\/uploads\/2015\/12\/cart%C3%A3o-cooleite-500x375.jpg\" alt=\"COOLEITE - FELIZ NATAL - BOAS FESTAS\" \/><\/p>\n","protected":false},"excerpt":{"rendered":"<p>Embora os dirigentes do SAAE ainda exitem em divulgar, Itapetinga poder\u00e1 passar por um racionamento de \u00e1gua a partir do in\u00edcio de janeiro, caso as chuvas n\u00e3o caiam na regi\u00e3o, principalmente nas cabeceiras do rio Catol\u00e9 e do seu principal afluente, o Catol\u00e9zinho, cujas vas\u00f5es diminu\u00edram drasticamente, com a estiagem que j\u00e1 dura mais de [&hellip;]<\/p>\n","protected":false},"author":2,"featured_media":0,"comment_status":"open","ping_status":"open","sticky":false,"template":"","format":"standard","meta":{"footnotes":"","_links_to":"","_links_to_target":""},"categories":[1],"tags":[],"class_list":["post-54503","post","type-post","status-publish","format-standard","hentry","category-geral"],"views":1460,"_links":{"self":[{"href":"https:\/\/www.sudoestehoje.com.br\/novoportal\/wp-json\/wp\/v2\/posts\/54503","targetHints":{"allow":["GET"]}}],"collection":[{"href":"https:\/\/www.sudoestehoje.com.br\/novoportal\/wp-json\/wp\/v2\/posts"}],"about":[{"href":"https:\/\/www.sudoestehoje.com.br\/novoportal\/wp-json\/wp\/v2\/types\/post"}],"author":[{"embeddable":true,"href":"https:\/\/www.sudoestehoje.com.br\/novoportal\/wp-json\/wp\/v2\/users\/2"}],"replies":[{"embeddable":true,"href":"https:\/\/www.sudoestehoje.com.br\/novoportal\/wp-json\/wp\/v2\/comments?post=54503"}],"version-history":[{"count":5,"href":"https:\/\/www.sudoestehoje.com.br\/novoportal\/wp-json\/wp\/v2\/posts\/54503\/revisions"}],"predecessor-version":[{"id":54513,"href":"https:\/\/www.sudoestehoje.com.br\/novoportal\/wp-json\/wp\/v2\/posts\/54503\/revisions\/54513"}],"wp:attachment":[{"href":"https:\/\/www.sudoestehoje.com.br\/novoportal\/wp-json\/wp\/v2\/media?parent=54503"}],"wp:term":[{"taxonomy":"category","embeddable":true,"href":"https:\/\/www.sudoestehoje.com.br\/novoportal\/wp-json\/wp\/v2\/categories?post=54503"},{"taxonomy":"post_tag","embeddable":true,"href":"https:\/\/www.sudoestehoje.com.br\/novoportal\/wp-json\/wp\/v2\/tags?post=54503"}],"curies":[{"name":"wp","href":"https:\/\/api.w.org\/{rel}","templated":true}]}}