
{"id":54484,"date":"2015-12-21T20:39:19","date_gmt":"2015-12-21T23:39:19","guid":{"rendered":"http:\/\/www.sudoestehoje.com.br\/novoportal\/?p=54484"},"modified":"2015-12-21T20:46:45","modified_gmt":"2015-12-21T23:46:45","slug":"itororo-e-a-agua-jorrou-no-rio-do-meio","status":"publish","type":"post","link":"https:\/\/www.sudoestehoje.com.br\/novoportal\/2015\/12\/21\/itororo-e-a-agua-jorrou-no-rio-do-meio\/","title":{"rendered":"ITOROR\u00d3: E A \u00c1GUA JORROU NO RIO DO MEIO&#8230;"},"content":{"rendered":"<div id=\"attachment_54485\" style=\"width: 510px\" class=\"wp-caption aligncenter\"><a href=\"http:\/\/www.sudoestehoje.com.br\/novoportal\/wp-content\/uploads\/2015\/12\/agua-rio.jpg\"><img loading=\"lazy\" decoding=\"async\" aria-describedby=\"caption-attachment-54485\" class=\"size-medium wp-image-54485\" src=\"http:\/\/www.sudoestehoje.com.br\/novoportal\/wp-content\/uploads\/2015\/12\/agua-rio-500x667.jpg\" alt=\"PO\u00c7O ARTESIANO FOI ABERTO NO RIO DO MEIO\" width=\"500\" height=\"667\" srcset=\"https:\/\/www.sudoestehoje.com.br\/novoportal\/wp-content\/uploads\/2015\/12\/agua-rio-500x667.jpg 500w, https:\/\/www.sudoestehoje.com.br\/novoportal\/wp-content\/uploads\/2015\/12\/agua-rio-675x900.jpg 675w, https:\/\/www.sudoestehoje.com.br\/novoportal\/wp-content\/uploads\/2015\/12\/agua-rio.jpg 720w\" sizes=\"auto, (max-width: 500px) 100vw, 500px\" \/><\/a><p id=\"caption-attachment-54485\" class=\"wp-caption-text\">PO\u00c7O ARTESIANO FOI ABERTO NO RIO DO MEIO<\/p><\/div>\n<p>Quando postamos a mat\u00e9ria sobre a abertura do po\u00e7o artesiano no distrito de Rio do Meio, alguns leitores do blog duvidaram da veracidade do fato, alguns negando a a exist\u00eancia do po\u00e7o e at\u00e9 tentando desqualificar a not\u00edcia.<\/p>\n<p>Preocupado, o editor desse blog tratou logo de manter contato com a nossa fonte, que nos enviou as fotos da \u00e1gua jorrando no centro do Rio do Meio, como hav\u00edamos antecipado.<\/p>\n<div id=\"attachment_54487\" style=\"width: 510px\" class=\"wp-caption aligncenter\"><a href=\"http:\/\/www.sudoestehoje.com.br\/novoportal\/wp-content\/uploads\/2015\/12\/agua-rio-1.jpg\"><img loading=\"lazy\" decoding=\"async\" aria-describedby=\"caption-attachment-54487\" class=\"size-medium wp-image-54487\" src=\"http:\/\/www.sudoestehoje.com.br\/novoportal\/wp-content\/uploads\/2015\/12\/agua-rio-1-500x667.jpg\" alt=\"SECRET\u00c1RIO MUNICIPAIS LIGARAM O PO\u00c7O E A \u00c1GUA JORROU\" width=\"500\" height=\"667\" srcset=\"https:\/\/www.sudoestehoje.com.br\/novoportal\/wp-content\/uploads\/2015\/12\/agua-rio-1-500x667.jpg 500w, https:\/\/www.sudoestehoje.com.br\/novoportal\/wp-content\/uploads\/2015\/12\/agua-rio-1-675x900.jpg 675w, https:\/\/www.sudoestehoje.com.br\/novoportal\/wp-content\/uploads\/2015\/12\/agua-rio-1.jpg 720w\" sizes=\"auto, (max-width: 500px) 100vw, 500px\" \/><\/a><p id=\"caption-attachment-54487\" class=\"wp-caption-text\">SECRET\u00c1RIOS MUNICIPAIS LIGARAM O PO\u00c7O, E A \u00c1GUA JORROU<\/p><\/div>\n<p>S\u00e3o, segundo os prepostos da prefeitura de Itoror\u00f3, cerca de 20 mil litros de \u00e1gua por hora, que ser\u00e1 tratada e distribu\u00edda \u00e0 popula\u00e7\u00e3o, como o blog adiantou.<\/p>\n<p><strong><em>Por Davi Ferraz<\/em><\/strong><\/p>\n<p><img decoding=\"async\" class=\"aligncenter\" src=\"http:\/\/www.sudoestehoje.com.br\/novoportal\/wp-content\/uploads\/2014\/06\/COOLEITE-PRODUTOS-500x249.jpg\" alt=\"COOLEITE PRODUTOS\" \/><\/p>\n","protected":false},"excerpt":{"rendered":"<p>Quando postamos a mat\u00e9ria sobre a abertura do po\u00e7o artesiano no distrito de Rio do Meio, alguns leitores do blog duvidaram da veracidade do fato, alguns negando a a exist\u00eancia do po\u00e7o e at\u00e9 tentando desqualificar a not\u00edcia. Preocupado, o editor desse blog tratou logo de manter contato com a nossa fonte, que nos enviou [&hellip;]<\/p>\n","protected":false},"author":2,"featured_media":0,"comment_status":"open","ping_status":"open","sticky":false,"template":"","format":"standard","meta":{"footnotes":"","_links_to":"","_links_to_target":""},"categories":[1],"tags":[],"class_list":["post-54484","post","type-post","status-publish","format-standard","hentry","category-geral"],"views":1993,"_links":{"self":[{"href":"https:\/\/www.sudoestehoje.com.br\/novoportal\/wp-json\/wp\/v2\/posts\/54484","targetHints":{"allow":["GET"]}}],"collection":[{"href":"https:\/\/www.sudoestehoje.com.br\/novoportal\/wp-json\/wp\/v2\/posts"}],"about":[{"href":"https:\/\/www.sudoestehoje.com.br\/novoportal\/wp-json\/wp\/v2\/types\/post"}],"author":[{"embeddable":true,"href":"https:\/\/www.sudoestehoje.com.br\/novoportal\/wp-json\/wp\/v2\/users\/2"}],"replies":[{"embeddable":true,"href":"https:\/\/www.sudoestehoje.com.br\/novoportal\/wp-json\/wp\/v2\/comments?post=54484"}],"version-history":[{"count":2,"href":"https:\/\/www.sudoestehoje.com.br\/novoportal\/wp-json\/wp\/v2\/posts\/54484\/revisions"}],"predecessor-version":[{"id":54489,"href":"https:\/\/www.sudoestehoje.com.br\/novoportal\/wp-json\/wp\/v2\/posts\/54484\/revisions\/54489"}],"wp:attachment":[{"href":"https:\/\/www.sudoestehoje.com.br\/novoportal\/wp-json\/wp\/v2\/media?parent=54484"}],"wp:term":[{"taxonomy":"category","embeddable":true,"href":"https:\/\/www.sudoestehoje.com.br\/novoportal\/wp-json\/wp\/v2\/categories?post=54484"},{"taxonomy":"post_tag","embeddable":true,"href":"https:\/\/www.sudoestehoje.com.br\/novoportal\/wp-json\/wp\/v2\/tags?post=54484"}],"curies":[{"name":"wp","href":"https:\/\/api.w.org\/{rel}","templated":true}]}}