
{"id":5443,"date":"2011-06-04T01:15:47","date_gmt":"2011-06-04T04:15:47","guid":{"rendered":"http:\/\/www.sudoestehoje.com.br\/novoportal\/?p=5443"},"modified":"2011-06-04T01:15:47","modified_gmt":"2011-06-04T04:15:47","slug":"palocci-nega-trafico-de-influencia","status":"publish","type":"post","link":"https:\/\/www.sudoestehoje.com.br\/novoportal\/2011\/06\/04\/palocci-nega-trafico-de-influencia\/","title":{"rendered":"PALOCCI NEGA TR\u00c1FICO DE INFLU\u00caNCIA"},"content":{"rendered":"<div id=\"HOTWordsTxt\">\n<div style=\"text-align: center;\">Reprodu\u00e7\u00e3o de TV<\/div>\n<p style=\"text-align: center;\"><img decoding=\"async\" class=\"aligncenter\" title=\"Inquieto, Palocci tentou se explicar em entrevista na TV\" src=\"http:\/\/www.atarde.com.br\/arquivos\/2011\/06\/233317.jpg\" border=\"0\" alt=\"Inquieto, Palocci tentou se explicar em entrevista na TV\" \/><\/p>\n<div style=\"text-align: center;\"><em><strong>Inquieto, Palocci tentou se explicar em entrevista na TV<\/strong><\/em><\/div>\n<p>\u00a0<\/p>\n<p><strong>A TARDE<\/strong><\/p>\n<p>O ministro chefe da Casa Civil, Antonio Palocci, afirmou nesta sexta-feira, 3, que sua empresa de consultoria Projeto jamais atuou junto a \u00f3rg\u00e3os p\u00fablicos. &#8220;Quando uma empresa privada tinha neg\u00f3cios com o setor p\u00fablico, eu nunca atuei nesses casos&#8221;, disse em entrevista ao Jornal Nacional, da TV Globo<\/p>\n<p>Palocci enfatizou que, em nenhum momento, participou de empreendimento que envolvesse \u00f3rg\u00e3o p\u00fablico e privado. &#8220;Isso a lei n\u00e3o me permitia. Eu tinha perfeita clareza do que a lei permitia e o que n\u00e3o&#8221;, disse.<\/p>\n<p>Questionado sobre se n\u00e3o iria mesmo divulgar o nome das empresas para as quais prestou consultoria, Palocci disse que uma empresa decidiu admitir que contratou seus servi\u00e7os e a oposi\u00e7\u00e3o foi atr\u00e1s de informa\u00e7\u00f5es, o que acabou resultando em den\u00fancias falsas. Palocci referia-se \u00e0 WTorre.<\/p>\n<p>A oposi\u00e7\u00e3o buscou informa\u00e7\u00f5es sobre a declara\u00e7\u00e3o do imposto de renda da empresa e constatou que ela teria recebido a restitui\u00e7\u00e3o em 2010, \u00e9poca em que a empresa de Palocci prestava servi\u00e7os para a WTorre. Isso levou a Receita a explicar que a restitui\u00e7\u00e3o foi feita por conta de uma decis\u00e3o judicial.<\/p>\n<p>&#8220;N\u00e3o se pode falar em tempo recorde (para a restitui\u00e7\u00e3o). N\u00e3o se pode inferir que eu tenha atuado no caso&#8221;, disse Palocci.<\/p>\n<p>O ministro defendeu-se, dizendo que n\u00e3o pode expor contratos que teve com empresas privadas, &#8220;renomadas em suas \u00e1reas, num ambiente de conflito pol\u00edtico&#8221;. &#8220;Acho que n\u00e3o tenho o direito de faz\u00ea-lo (divulgar os nomes)&#8221;.<\/p>\n<p>Ele informou apenas que atuou para empresas dos setores da ind\u00fastria, de servi\u00e7os financeiros, de mercado de capitais, fundos de investimento em empresas privadas, setor de servi\u00e7os em geral.<\/p>\n<p>&#8220;Empresas da iniciativa privada que consideraram \u00fatil o fato de eu ter sido ministro da Fazenda, conhecer a \u00e1rea econ\u00f4mica&#8221;, disse, esclarecendo ainda ter respeitado a quarentena depois que deixou o minist\u00e9rio da Fazenda.<\/p>\n<p><!-- retirado o marcador de paragrafo --><\/p>\n<\/div>\n","protected":false},"excerpt":{"rendered":"<p>Reprodu\u00e7\u00e3o de TV Inquieto, Palocci tentou se explicar em entrevista na TV \u00a0 A TARDE O ministro chefe da Casa Civil, Antonio Palocci, afirmou nesta sexta-feira, 3, que sua empresa de consultoria Projeto jamais atuou junto a \u00f3rg\u00e3os p\u00fablicos. &#8220;Quando uma empresa privada tinha neg\u00f3cios com o setor p\u00fablico, eu nunca atuei nesses casos&#8221;, disse [&hellip;]<\/p>\n","protected":false},"author":2,"featured_media":0,"comment_status":"open","ping_status":"open","sticky":false,"template":"","format":"standard","meta":{"footnotes":"","_links_to":"","_links_to_target":""},"categories":[1],"tags":[],"class_list":["post-5443","post","type-post","status-publish","format-standard","hentry","category-geral"],"views":1153,"_links":{"self":[{"href":"https:\/\/www.sudoestehoje.com.br\/novoportal\/wp-json\/wp\/v2\/posts\/5443","targetHints":{"allow":["GET"]}}],"collection":[{"href":"https:\/\/www.sudoestehoje.com.br\/novoportal\/wp-json\/wp\/v2\/posts"}],"about":[{"href":"https:\/\/www.sudoestehoje.com.br\/novoportal\/wp-json\/wp\/v2\/types\/post"}],"author":[{"embeddable":true,"href":"https:\/\/www.sudoestehoje.com.br\/novoportal\/wp-json\/wp\/v2\/users\/2"}],"replies":[{"embeddable":true,"href":"https:\/\/www.sudoestehoje.com.br\/novoportal\/wp-json\/wp\/v2\/comments?post=5443"}],"version-history":[{"count":6,"href":"https:\/\/www.sudoestehoje.com.br\/novoportal\/wp-json\/wp\/v2\/posts\/5443\/revisions"}],"predecessor-version":[{"id":5450,"href":"https:\/\/www.sudoestehoje.com.br\/novoportal\/wp-json\/wp\/v2\/posts\/5443\/revisions\/5450"}],"wp:attachment":[{"href":"https:\/\/www.sudoestehoje.com.br\/novoportal\/wp-json\/wp\/v2\/media?parent=5443"}],"wp:term":[{"taxonomy":"category","embeddable":true,"href":"https:\/\/www.sudoestehoje.com.br\/novoportal\/wp-json\/wp\/v2\/categories?post=5443"},{"taxonomy":"post_tag","embeddable":true,"href":"https:\/\/www.sudoestehoje.com.br\/novoportal\/wp-json\/wp\/v2\/tags?post=5443"}],"curies":[{"name":"wp","href":"https:\/\/api.w.org\/{rel}","templated":true}]}}