
{"id":54419,"date":"2015-12-20T00:14:51","date_gmt":"2015-12-20T03:14:51","guid":{"rendered":"http:\/\/www.sudoestehoje.com.br\/novoportal\/?p=54419"},"modified":"2015-12-20T00:14:51","modified_gmt":"2015-12-20T03:14:51","slug":"seca-crise-de-abastecimento-atinge-itamaraju-no-extremo-sul-do-estado","status":"publish","type":"post","link":"https:\/\/www.sudoestehoje.com.br\/novoportal\/2015\/12\/20\/seca-crise-de-abastecimento-atinge-itamaraju-no-extremo-sul-do-estado\/","title":{"rendered":"SECA: CRISE DE ABASTECIMENTO ATINGE ITAMARAJU, NO EXTREMO SUL DO ESTADO"},"content":{"rendered":"<p><a href=\"http:\/\/www.sudoestehoje.com.br\/novoportal\/wp-content\/uploads\/2015\/12\/Itamaraju-in-agua3.jpg\"><img loading=\"lazy\" decoding=\"async\" class=\"aligncenter size-medium wp-image-54420\" src=\"http:\/\/www.sudoestehoje.com.br\/novoportal\/wp-content\/uploads\/2015\/12\/Itamaraju-in-agua3-500x273.jpg\" alt=\"Itamaraju-in-agua3\" width=\"500\" height=\"273\" srcset=\"https:\/\/www.sudoestehoje.com.br\/novoportal\/wp-content\/uploads\/2015\/12\/Itamaraju-in-agua3-500x273.jpg 500w, https:\/\/www.sudoestehoje.com.br\/novoportal\/wp-content\/uploads\/2015\/12\/Itamaraju-in-agua3.jpg 640w\" sizes=\"auto, (max-width: 500px) 100vw, 500px\" \/><\/a><\/p>\n<p>O munic\u00edpio de Itamaraju tamb\u00e9m vive uma crise h\u00eddrica que atinge v\u00e1rios munic\u00edpios do Sul da Bahia. H\u00e1 cerca de 08 dias a falta abastecimento de \u00e1gua tem afetado diversos bairros. A popula\u00e7\u00e3o tem passado uns maus bocados e tem que se adaptar a uma realidade que pegou muitos de surpresa.<\/p>\n<p><a href=\"http:\/\/www.sudoestehoje.com.br\/novoportal\/wp-content\/uploads\/2015\/12\/Itamaraju-in-agua1.jpg\"><img loading=\"lazy\" decoding=\"async\" class=\"aligncenter size-medium wp-image-54422\" src=\"http:\/\/www.sudoestehoje.com.br\/novoportal\/wp-content\/uploads\/2015\/12\/Itamaraju-in-agua1-500x273.jpg\" alt=\"Itamaraju-in-agua1\" width=\"500\" height=\"273\" srcset=\"https:\/\/www.sudoestehoje.com.br\/novoportal\/wp-content\/uploads\/2015\/12\/Itamaraju-in-agua1-500x273.jpg 500w, https:\/\/www.sudoestehoje.com.br\/novoportal\/wp-content\/uploads\/2015\/12\/Itamaraju-in-agua1.jpg 640w\" sizes=\"auto, (max-width: 500px) 100vw, 500px\" \/><\/a><\/p>\n<p>A cidade vive em alerta desde que o n\u00edvel do sistema de capita\u00e7\u00e3o do Rio do Ouro que abastece atualmente todos os bairros, come\u00e7ou a cair.\u00a0Desde ent\u00e3o, moradores de diversos bairros come\u00e7aram a reclamar da falta de \u00e1gua. E a rotina foi mudada e alguns tem que correr contra o tempo para lavar os pratos sujos acumulados, roupas amontoadas, enfrentar a dificuldade para cozinhar e limpar sanit\u00e1rios.<\/p>\n<p><a href=\"http:\/\/www.sudoestehoje.com.br\/novoportal\/wp-content\/uploads\/2015\/12\/Itamaraju-in-agua2.jpg\"><img loading=\"lazy\" decoding=\"async\" class=\"aligncenter size-medium wp-image-54421\" src=\"http:\/\/www.sudoestehoje.com.br\/novoportal\/wp-content\/uploads\/2015\/12\/Itamaraju-in-agua2-500x273.jpg\" alt=\"Itamaraju-in-agua2\" width=\"500\" height=\"273\" srcset=\"https:\/\/www.sudoestehoje.com.br\/novoportal\/wp-content\/uploads\/2015\/12\/Itamaraju-in-agua2-500x273.jpg 500w, https:\/\/www.sudoestehoje.com.br\/novoportal\/wp-content\/uploads\/2015\/12\/Itamaraju-in-agua2.jpg 640w\" sizes=\"auto, (max-width: 500px) 100vw, 500px\" \/><\/a>Na \u00faltima quinta-feira (17), algumas imagens circularam a rede social Facebook, mostrando cenas um tanto inusitadas pelos moradores que jamais pensaram em passar pela situa\u00e7\u00e3o. Um carro pipa esteve abastecendo um bairro e os moradores carregavam baldes cheios de \u00e1gua na cabe\u00e7a, para abastecer suas resid\u00eancias.<\/p>\n<p><img decoding=\"async\" class=\" aligncenter\" src=\"http:\/\/www.sudoestehoje.com.br\/novoportal\/wp-content\/uploads\/2015\/12\/NATAL-SUPERMODA-500x167.jpg\" alt=\"NATAL SUPERMODA\" \/><!--more--><\/p>\n<p>Nesta quinta-feira (17), algumas imagens circularam a rede social Facebook, mostrando cenas um tanto inusitadas pelos moradores que jamais pensaram em passar pela situa\u00e7\u00e3o. Um carro pipa esteve abastecendo um bairro e os moradores carregavam baldes cheios de \u00e1gua na cabe\u00e7a, para abastecer suas resid\u00eancias.<\/p>\n<p>A empresa respons\u00e1vel pelo abastecimento da cidade ainda n\u00e3o enviou uma nota a imprensa para se pronunciar sobre o caso. Itamaraju Not\u00edcias<\/p>\n","protected":false},"excerpt":{"rendered":"<p>O munic\u00edpio de Itamaraju tamb\u00e9m vive uma crise h\u00eddrica que atinge v\u00e1rios munic\u00edpios do Sul da Bahia. H\u00e1 cerca de 08 dias a falta abastecimento de \u00e1gua tem afetado diversos bairros. A popula\u00e7\u00e3o tem passado uns maus bocados e tem que se adaptar a uma realidade que pegou muitos de surpresa. A cidade vive em [&hellip;]<\/p>\n","protected":false},"author":2,"featured_media":0,"comment_status":"open","ping_status":"open","sticky":false,"template":"","format":"standard","meta":{"footnotes":"","_links_to":"","_links_to_target":""},"categories":[1],"tags":[],"class_list":["post-54419","post","type-post","status-publish","format-standard","hentry","category-geral"],"views":2088,"_links":{"self":[{"href":"https:\/\/www.sudoestehoje.com.br\/novoportal\/wp-json\/wp\/v2\/posts\/54419","targetHints":{"allow":["GET"]}}],"collection":[{"href":"https:\/\/www.sudoestehoje.com.br\/novoportal\/wp-json\/wp\/v2\/posts"}],"about":[{"href":"https:\/\/www.sudoestehoje.com.br\/novoportal\/wp-json\/wp\/v2\/types\/post"}],"author":[{"embeddable":true,"href":"https:\/\/www.sudoestehoje.com.br\/novoportal\/wp-json\/wp\/v2\/users\/2"}],"replies":[{"embeddable":true,"href":"https:\/\/www.sudoestehoje.com.br\/novoportal\/wp-json\/wp\/v2\/comments?post=54419"}],"version-history":[{"count":1,"href":"https:\/\/www.sudoestehoje.com.br\/novoportal\/wp-json\/wp\/v2\/posts\/54419\/revisions"}],"predecessor-version":[{"id":54423,"href":"https:\/\/www.sudoestehoje.com.br\/novoportal\/wp-json\/wp\/v2\/posts\/54419\/revisions\/54423"}],"wp:attachment":[{"href":"https:\/\/www.sudoestehoje.com.br\/novoportal\/wp-json\/wp\/v2\/media?parent=54419"}],"wp:term":[{"taxonomy":"category","embeddable":true,"href":"https:\/\/www.sudoestehoje.com.br\/novoportal\/wp-json\/wp\/v2\/categories?post=54419"},{"taxonomy":"post_tag","embeddable":true,"href":"https:\/\/www.sudoestehoje.com.br\/novoportal\/wp-json\/wp\/v2\/tags?post=54419"}],"curies":[{"name":"wp","href":"https:\/\/api.w.org\/{rel}","templated":true}]}}