
{"id":54415,"date":"2015-12-19T22:36:16","date_gmt":"2015-12-20T01:36:16","guid":{"rendered":"http:\/\/www.sudoestehoje.com.br\/novoportal\/?p=54415"},"modified":"2015-12-19T22:36:16","modified_gmt":"2015-12-20T01:36:16","slug":"expo-conquista-2016-ja-tem-data-definida","status":"publish","type":"post","link":"https:\/\/www.sudoestehoje.com.br\/novoportal\/2015\/12\/19\/expo-conquista-2016-ja-tem-data-definida\/","title":{"rendered":"EXPO-CONQUISTA 2016 J\u00c1 TEM DATA DEFINIDA"},"content":{"rendered":"<p><a href=\"http:\/\/www.sudoestehoje.com.br\/novoportal\/wp-content\/uploads\/2015\/12\/JAIMILTINHO.jpg\"><img loading=\"lazy\" decoding=\"async\" class=\"aligncenter  wp-image-54416\" src=\"http:\/\/www.sudoestehoje.com.br\/novoportal\/wp-content\/uploads\/2015\/12\/JAIMILTINHO.jpg\" alt=\"JAIMILTINHO\" width=\"501\" height=\"335\" \/><\/a><\/p>\n<p>A 50\u00aa Exposi\u00e7\u00e3o Nacional Agropecu\u00e1ria, Industrial e Comercial de Vit\u00f3ria da Conquista j\u00e1 tem data marcada. De acordo com a Rasta Show produ\u00e7\u00f5es, o evento acontece entre os dias 12 e 19 de mar\u00e7o do ano que vem com diversos shows.<\/p>\n<p>Para celebrar o cinquenten\u00e1rio, a Cooperativa Mista Agropecu\u00e1ria Conquistense, presidida por Jaymilton Gusm\u00e3o Cunha Filho, prepara uma s\u00e9rie de homenagens a personalidades e institui\u00e7\u00f5es que colaboram ao longo dos anos com a Exposi\u00e7\u00e3o Conquista.<\/p>\n<p><img decoding=\"async\" class=\"aligncenter\" src=\"http:\/\/www.sudoestehoje.com.br\/novoportal\/wp-content\/uploads\/2014\/06\/COOLEITE-PRODUTOS-500x249.jpg\" alt=\"COOLEITE PRODUTOS\" \/><\/p>\n","protected":false},"excerpt":{"rendered":"<p>A 50\u00aa Exposi\u00e7\u00e3o Nacional Agropecu\u00e1ria, Industrial e Comercial de Vit\u00f3ria da Conquista j\u00e1 tem data marcada. De acordo com a Rasta Show produ\u00e7\u00f5es, o evento acontece entre os dias 12 e 19 de mar\u00e7o do ano que vem com diversos shows. Para celebrar o cinquenten\u00e1rio, a Cooperativa Mista Agropecu\u00e1ria Conquistense, presidida por Jaymilton Gusm\u00e3o Cunha [&hellip;]<\/p>\n","protected":false},"author":2,"featured_media":0,"comment_status":"open","ping_status":"open","sticky":false,"template":"","format":"standard","meta":{"footnotes":"","_links_to":"","_links_to_target":""},"categories":[1],"tags":[],"class_list":["post-54415","post","type-post","status-publish","format-standard","hentry","category-geral"],"views":9645,"_links":{"self":[{"href":"https:\/\/www.sudoestehoje.com.br\/novoportal\/wp-json\/wp\/v2\/posts\/54415","targetHints":{"allow":["GET"]}}],"collection":[{"href":"https:\/\/www.sudoestehoje.com.br\/novoportal\/wp-json\/wp\/v2\/posts"}],"about":[{"href":"https:\/\/www.sudoestehoje.com.br\/novoportal\/wp-json\/wp\/v2\/types\/post"}],"author":[{"embeddable":true,"href":"https:\/\/www.sudoestehoje.com.br\/novoportal\/wp-json\/wp\/v2\/users\/2"}],"replies":[{"embeddable":true,"href":"https:\/\/www.sudoestehoje.com.br\/novoportal\/wp-json\/wp\/v2\/comments?post=54415"}],"version-history":[{"count":2,"href":"https:\/\/www.sudoestehoje.com.br\/novoportal\/wp-json\/wp\/v2\/posts\/54415\/revisions"}],"predecessor-version":[{"id":54418,"href":"https:\/\/www.sudoestehoje.com.br\/novoportal\/wp-json\/wp\/v2\/posts\/54415\/revisions\/54418"}],"wp:attachment":[{"href":"https:\/\/www.sudoestehoje.com.br\/novoportal\/wp-json\/wp\/v2\/media?parent=54415"}],"wp:term":[{"taxonomy":"category","embeddable":true,"href":"https:\/\/www.sudoestehoje.com.br\/novoportal\/wp-json\/wp\/v2\/categories?post=54415"},{"taxonomy":"post_tag","embeddable":true,"href":"https:\/\/www.sudoestehoje.com.br\/novoportal\/wp-json\/wp\/v2\/tags?post=54415"}],"curies":[{"name":"wp","href":"https:\/\/api.w.org\/{rel}","templated":true}]}}