
{"id":54403,"date":"2015-12-19T19:45:04","date_gmt":"2015-12-19T22:45:04","guid":{"rendered":"http:\/\/www.sudoestehoje.com.br\/novoportal\/?p=54403"},"modified":"2015-12-19T19:45:04","modified_gmt":"2015-12-19T22:45:04","slug":"empresario-e-morto-durante-confraternizacao-em-teixeira-de-freitas","status":"publish","type":"post","link":"https:\/\/www.sudoestehoje.com.br\/novoportal\/2015\/12\/19\/empresario-e-morto-durante-confraternizacao-em-teixeira-de-freitas\/","title":{"rendered":"EMPRES\u00c1RIO \u00c9 MORTO DURANTE CONFRATERNIZA\u00c7\u00c3O EM TEIXEIRA DE FREITAS"},"content":{"rendered":"<p><a href=\"http:\/\/www.sudoestehoje.com.br\/novoportal\/wp-content\/uploads\/2015\/12\/victor3.jpg\"><img loading=\"lazy\" decoding=\"async\" class=\"aligncenter size-medium wp-image-54404\" src=\"http:\/\/www.sudoestehoje.com.br\/novoportal\/wp-content\/uploads\/2015\/12\/victor3-500x375.jpg\" alt=\"victor3\" width=\"500\" height=\"375\" srcset=\"https:\/\/www.sudoestehoje.com.br\/novoportal\/wp-content\/uploads\/2015\/12\/victor3-500x375.jpg 500w, https:\/\/www.sudoestehoje.com.br\/novoportal\/wp-content\/uploads\/2015\/12\/victor3.jpg 620w\" sizes=\"auto, (max-width: 500px) 100vw, 500px\" \/><\/a><\/p>\n<p>Reunido em casa com amigos durante confraterniza\u00e7\u00e3o de fim de ano, um empres\u00e1rio do munic\u00edpio de Teixeira de Freitas, na regi\u00e3o sul da Bahia, foi atingido por um tiro e morto na madrugada deste s\u00e1bado (19).<\/p>\n<p>De acordo com a delegada Waldiza Fernandes Rocha, a v\u00edtima foi baleada por uma pessoa, ainda n\u00e3o identificada, que chegou ao port\u00e3o do im\u00f3vel e disparou. A festa ocorria na \u00e1rea gourmet da casa.<\/p>\n<p><a href=\"http:\/\/www.sudoestehoje.com.br\/novoportal\/wp-content\/uploads\/2015\/12\/casa1.jpg\"><img loading=\"lazy\" decoding=\"async\" class=\"aligncenter size-medium wp-image-54405\" src=\"http:\/\/www.sudoestehoje.com.br\/novoportal\/wp-content\/uploads\/2015\/12\/casa1-500x375.jpg\" alt=\"casa1\" width=\"500\" height=\"375\" srcset=\"https:\/\/www.sudoestehoje.com.br\/novoportal\/wp-content\/uploads\/2015\/12\/casa1-500x375.jpg 500w, https:\/\/www.sudoestehoje.com.br\/novoportal\/wp-content\/uploads\/2015\/12\/casa1.jpg 620w\" sizes=\"auto, (max-width: 500px) 100vw, 500px\" \/><\/a><\/p>\n<p>\u201cOs amigos disseram que algu\u00e9m atirou de fora para dentro [da casa]\u201d, detalha a delegada. Dono de uma concession\u00e1ria de ve\u00edculos, Victor Aguiar chegou a ser socorrido e encaminhado para um hospital privado do munic\u00edpio. Entretanto, n\u00e3o resistiu ao ferimento e morreu.<\/p>\n<p>A delegada Waldiza Rocha conta que a v\u00edtima foi atingida pelo tiro na regi\u00e3o abaixo da axila esquerda, pr\u00f3ximo ao peito. O crime ocorreu por volta de 1h, no bairro Kaikan Sul. At\u00e9 a manh\u00e3 deste s\u00e1bado, a pol\u00edcia ainda n\u00e3o tinha suspeita sobre a autoria do homic\u00eddio.<\/p>\n<p><img decoding=\"async\" class=\"aligncenter\" src=\"http:\/\/www.sudoestehoje.com.br\/novoportal\/wp-content\/uploads\/2015\/12\/NATAL-SUPERMODA-500x167.jpg\" alt=\"NATAL SUPERMODA\" \/><\/p>\n","protected":false},"excerpt":{"rendered":"<p>Reunido em casa com amigos durante confraterniza\u00e7\u00e3o de fim de ano, um empres\u00e1rio do munic\u00edpio de Teixeira de Freitas, na regi\u00e3o sul da Bahia, foi atingido por um tiro e morto na madrugada deste s\u00e1bado (19). De acordo com a delegada Waldiza Fernandes Rocha, a v\u00edtima foi baleada por uma pessoa, ainda n\u00e3o identificada, que [&hellip;]<\/p>\n","protected":false},"author":2,"featured_media":0,"comment_status":"open","ping_status":"open","sticky":false,"template":"","format":"standard","meta":{"footnotes":"","_links_to":"","_links_to_target":""},"categories":[1],"tags":[],"class_list":["post-54403","post","type-post","status-publish","format-standard","hentry","category-geral"],"views":1242,"_links":{"self":[{"href":"https:\/\/www.sudoestehoje.com.br\/novoportal\/wp-json\/wp\/v2\/posts\/54403","targetHints":{"allow":["GET"]}}],"collection":[{"href":"https:\/\/www.sudoestehoje.com.br\/novoportal\/wp-json\/wp\/v2\/posts"}],"about":[{"href":"https:\/\/www.sudoestehoje.com.br\/novoportal\/wp-json\/wp\/v2\/types\/post"}],"author":[{"embeddable":true,"href":"https:\/\/www.sudoestehoje.com.br\/novoportal\/wp-json\/wp\/v2\/users\/2"}],"replies":[{"embeddable":true,"href":"https:\/\/www.sudoestehoje.com.br\/novoportal\/wp-json\/wp\/v2\/comments?post=54403"}],"version-history":[{"count":2,"href":"https:\/\/www.sudoestehoje.com.br\/novoportal\/wp-json\/wp\/v2\/posts\/54403\/revisions"}],"predecessor-version":[{"id":54407,"href":"https:\/\/www.sudoestehoje.com.br\/novoportal\/wp-json\/wp\/v2\/posts\/54403\/revisions\/54407"}],"wp:attachment":[{"href":"https:\/\/www.sudoestehoje.com.br\/novoportal\/wp-json\/wp\/v2\/media?parent=54403"}],"wp:term":[{"taxonomy":"category","embeddable":true,"href":"https:\/\/www.sudoestehoje.com.br\/novoportal\/wp-json\/wp\/v2\/categories?post=54403"},{"taxonomy":"post_tag","embeddable":true,"href":"https:\/\/www.sudoestehoje.com.br\/novoportal\/wp-json\/wp\/v2\/tags?post=54403"}],"curies":[{"name":"wp","href":"https:\/\/api.w.org\/{rel}","templated":true}]}}