
{"id":54390,"date":"2015-12-18T20:09:10","date_gmt":"2015-12-18T23:09:10","guid":{"rendered":"http:\/\/www.sudoestehoje.com.br\/novoportal\/?p=54390"},"modified":"2015-12-18T20:09:10","modified_gmt":"2015-12-18T23:09:10","slug":"joaquim-levy-deixa-o-ministerio-da-fazenda-nelson-barbosa-assume","status":"publish","type":"post","link":"https:\/\/www.sudoestehoje.com.br\/novoportal\/2015\/12\/18\/joaquim-levy-deixa-o-ministerio-da-fazenda-nelson-barbosa-assume\/","title":{"rendered":"JOAQUIM LEVY DEIXA O MINIST\u00c9RIO DA FAZENDA; NELSON BARBOSA ASSUME"},"content":{"rendered":"<p><a href=\"http:\/\/www.sudoestehoje.com.br\/novoportal\/wp-content\/uploads\/2015\/12\/FUI.jpg\"><img loading=\"lazy\" decoding=\"async\" class=\"aligncenter size-medium wp-image-54391\" src=\"http:\/\/www.sudoestehoje.com.br\/novoportal\/wp-content\/uploads\/2015\/12\/FUI-500x342.jpg\" alt=\"FUI\" width=\"500\" height=\"342\" srcset=\"https:\/\/www.sudoestehoje.com.br\/novoportal\/wp-content\/uploads\/2015\/12\/FUI-500x342.jpg 500w, https:\/\/www.sudoestehoje.com.br\/novoportal\/wp-content\/uploads\/2015\/12\/FUI.jpg 694w\" sizes=\"auto, (max-width: 500px) 100vw, 500px\" \/><\/a><\/p>\n<p>O ministro do Planejamento, Nelson Barbosa, ser\u00e1 o substituto de Joaquim Levy na Fazenda. Barbosa recebeu a ordem de voltar para Bras\u00edlia ainda hoje para reuni\u00e3o com a presidente Dilma Rousseff. Entre 2006 e 2013, ele foi titular das secretarias de Acompanhamento Econ\u00f4mico, Pol\u00edtica Econ\u00f4mica, al\u00e9m de secret\u00e1rio-Executivo (vice-ministro) de Mantega.<\/p>\n<p>Levy manifestou preocupa\u00e7\u00e3o com a situa\u00e7\u00e3o do pa\u00eds e se disse injusti\u00e7ado pela repercuss\u00e3o das pol\u00edticas de ajuste fiscal executadas neste ano. Em comunicado enviado \u00e0 imprensa hoje (18) \u00e0 tarde, ele declarou que boa parte da crise econ\u00f4mica decorre de incertezas pol\u00edticas. Durante tradicional caf\u00e9 da manh\u00e3 de fim de ano com jornalistas, Levy fez um balan\u00e7o de sua gest\u00e3o \u00e0 frente da pasta, mas evitou confirmar se est\u00e1 de sa\u00edda do governo.<\/p>\n<p>O novo ministro da Fazenda \u00e9 um dos poucos que goza de bom relacionamento e partilha das mesmas ideias da presidente Dilma. Ele participou da elabora\u00e7\u00e3o de carros-chefe dos governos petistas como Programa de Acelera\u00e7\u00e3o do Crescimento (PAC) e Minha Casa Minha Vida.<\/p>\n<p>A situa\u00e7\u00e3o de Levy ficou insustent\u00e1vel ap\u00f3s divergir publicamente do programa econ\u00f4mico do governo Dilma, aliada \u00e0 falta de autonomia para implementar estrat\u00e9gias de recupera\u00e7\u00e3o da economia que julga apropriadas para enfrentar a crise atual.<\/p>\n<p><img decoding=\"async\" class=\"aligncenter\" src=\"http:\/\/www.sudoestehoje.com.br\/novoportal\/wp-content\/uploads\/2015\/12\/cart%C3%A3o-cooleite-500x375.jpg\" alt=\"COOLEITE - FELIZ NATAL - BOAS FESTAS\" \/><\/p>\n","protected":false},"excerpt":{"rendered":"<p>O ministro do Planejamento, Nelson Barbosa, ser\u00e1 o substituto de Joaquim Levy na Fazenda. Barbosa recebeu a ordem de voltar para Bras\u00edlia ainda hoje para reuni\u00e3o com a presidente Dilma Rousseff. Entre 2006 e 2013, ele foi titular das secretarias de Acompanhamento Econ\u00f4mico, Pol\u00edtica Econ\u00f4mica, al\u00e9m de secret\u00e1rio-Executivo (vice-ministro) de Mantega. Levy manifestou preocupa\u00e7\u00e3o com [&hellip;]<\/p>\n","protected":false},"author":2,"featured_media":0,"comment_status":"open","ping_status":"open","sticky":false,"template":"","format":"standard","meta":{"footnotes":"","_links_to":"","_links_to_target":""},"categories":[1],"tags":[],"class_list":["post-54390","post","type-post","status-publish","format-standard","hentry","category-geral"],"views":1303,"_links":{"self":[{"href":"https:\/\/www.sudoestehoje.com.br\/novoportal\/wp-json\/wp\/v2\/posts\/54390","targetHints":{"allow":["GET"]}}],"collection":[{"href":"https:\/\/www.sudoestehoje.com.br\/novoportal\/wp-json\/wp\/v2\/posts"}],"about":[{"href":"https:\/\/www.sudoestehoje.com.br\/novoportal\/wp-json\/wp\/v2\/types\/post"}],"author":[{"embeddable":true,"href":"https:\/\/www.sudoestehoje.com.br\/novoportal\/wp-json\/wp\/v2\/users\/2"}],"replies":[{"embeddable":true,"href":"https:\/\/www.sudoestehoje.com.br\/novoportal\/wp-json\/wp\/v2\/comments?post=54390"}],"version-history":[{"count":1,"href":"https:\/\/www.sudoestehoje.com.br\/novoportal\/wp-json\/wp\/v2\/posts\/54390\/revisions"}],"predecessor-version":[{"id":54392,"href":"https:\/\/www.sudoestehoje.com.br\/novoportal\/wp-json\/wp\/v2\/posts\/54390\/revisions\/54392"}],"wp:attachment":[{"href":"https:\/\/www.sudoestehoje.com.br\/novoportal\/wp-json\/wp\/v2\/media?parent=54390"}],"wp:term":[{"taxonomy":"category","embeddable":true,"href":"https:\/\/www.sudoestehoje.com.br\/novoportal\/wp-json\/wp\/v2\/categories?post=54390"},{"taxonomy":"post_tag","embeddable":true,"href":"https:\/\/www.sudoestehoje.com.br\/novoportal\/wp-json\/wp\/v2\/tags?post=54390"}],"curies":[{"name":"wp","href":"https:\/\/api.w.org\/{rel}","templated":true}]}}