
{"id":54382,"date":"2015-12-18T19:31:30","date_gmt":"2015-12-18T22:31:30","guid":{"rendered":"http:\/\/www.sudoestehoje.com.br\/novoportal\/?p=54382"},"modified":"2015-12-18T20:13:53","modified_gmt":"2015-12-18T23:13:53","slug":"itarantim-perfis-falsos-difamatorios-no-whatsapp-sao-denunciados-na-policia-federal","status":"publish","type":"post","link":"https:\/\/www.sudoestehoje.com.br\/novoportal\/2015\/12\/18\/itarantim-perfis-falsos-difamatorios-no-whatsapp-sao-denunciados-na-policia-federal\/","title":{"rendered":"ITARANTIM: PERFIS FALSOS DIFAMAT\u00d3RIOS NO WHATSAPP S\u00c3O DENUNCIADOS NA POL\u00cdCIA FEDERAL"},"content":{"rendered":"<div id=\"attachment_54383\" style=\"width: 510px\" class=\"wp-caption aligncenter\"><a href=\"http:\/\/www.sudoestehoje.com.br\/novoportal\/wp-content\/uploads\/2015\/12\/junior.jpg\"><img loading=\"lazy\" decoding=\"async\" aria-describedby=\"caption-attachment-54383\" class=\"size-medium wp-image-54383\" src=\"http:\/\/www.sudoestehoje.com.br\/novoportal\/wp-content\/uploads\/2015\/12\/junior-500x300.jpg\" alt=\"CHEFE DE GABINETE DA PREFEITURA DENUNCIOU OS AUTORES DO CRIME NA POL\u00cdCIA FEDERAL\" width=\"500\" height=\"300\" srcset=\"https:\/\/www.sudoestehoje.com.br\/novoportal\/wp-content\/uploads\/2015\/12\/junior-500x300.jpg 500w, https:\/\/www.sudoestehoje.com.br\/novoportal\/wp-content\/uploads\/2015\/12\/junior.jpg 640w\" sizes=\"auto, (max-width: 500px) 100vw, 500px\" \/><\/a><p id=\"caption-attachment-54383\" class=\"wp-caption-text\">CHEFE DE GABINETE DA PREFEITURA DENUNCIOU OS AUTORES DO CRIME NA POL\u00cdCIA FEDERAL<\/p><\/div>\n<p>Em Itarantim, alguns servidores municipais e at\u00e9 o pr\u00f3prio prefeito Paulo Fernandes v\u00eam sendo v\u00edtimas de montagens e coment\u00e1rios difamat\u00f3rios postados em perfis falsos no aplicativo Whatsapp, supostamente elaborados por advers\u00e1rios pol\u00edticos e ex-servidores demitidos pelo prefeito.<\/p>\n<p>Esses perfis foram montados com a aquisi\u00e7\u00e3o de chips das operadores de telefonia m\u00f3vel que operam na cidade, cadastrados com n\u00fameros de CPFs de terceiros, sem a autoriza\u00e7\u00e3o dos seus titulares, o que constitui crime de Falsidade Ideol\u00f3gica, previsto no C\u00f3digo Penal.<\/p>\n<div id=\"attachment_54384\" style=\"width: 510px\" class=\"wp-caption aligncenter\"><a href=\"http:\/\/www.sudoestehoje.com.br\/novoportal\/wp-content\/uploads\/2015\/12\/roberto.jpg\"><img loading=\"lazy\" decoding=\"async\" aria-describedby=\"caption-attachment-54384\" class=\"size-medium wp-image-54384\" src=\"http:\/\/www.sudoestehoje.com.br\/novoportal\/wp-content\/uploads\/2015\/12\/roberto-500x300.jpg\" alt=\"V\u00cdTIMA DE DIFAMA\u00c7\u00c3O, O ASSESSOR DE IMPRENSA E BLOGUEIRO ROBERTO ATA\u00cdDE FEZ DEN\u00daNCIA NA PF\" width=\"500\" height=\"300\" srcset=\"https:\/\/www.sudoestehoje.com.br\/novoportal\/wp-content\/uploads\/2015\/12\/roberto-500x300.jpg 500w, https:\/\/www.sudoestehoje.com.br\/novoportal\/wp-content\/uploads\/2015\/12\/roberto.jpg 640w\" sizes=\"auto, (max-width: 500px) 100vw, 500px\" \/><\/a><p id=\"caption-attachment-54384\" class=\"wp-caption-text\">V\u00cdTIMA , O ASSESSOR DE IMPRENSA E BLOGUEIRO ROBERTO ATA\u00cdDE FEZ DEN\u00daNCIA NA PF<\/p><\/div>\n<p>A partir do cadastramento desses n\u00fameros no Whatsapp, grupos foram formados para difamar e caluniar membros da administra\u00e7\u00e3o municipal, com a participa\u00e7\u00e3o de pessoas conhecidas na cidade, que tamb\u00e9m ingressaram nesses grupos do &#8220;Zap&#8221;, inadvertidamente, tornando-se tamb\u00e9m c\u00faplices e autores dos mesmos crimes.<\/p>\n<div id=\"attachment_54385\" style=\"width: 510px\" class=\"wp-caption aligncenter\"><a href=\"http:\/\/www.sudoestehoje.com.br\/novoportal\/wp-content\/uploads\/2015\/12\/servidora.jpg\"><img loading=\"lazy\" decoding=\"async\" aria-describedby=\"caption-attachment-54385\" class=\"size-medium wp-image-54385\" src=\"http:\/\/www.sudoestehoje.com.br\/novoportal\/wp-content\/uploads\/2015\/12\/servidora-500x620.jpg\" alt=\"EX-SERVIDORA \u00c9 APONTADA COMO AUTORA DOS CRIMES E EST\u00c1 SENDO INVESTIGADA PELAS POL\u00cdCIAS FEDERAL E CIVIL. PODE RESPONDER PROCESSOS POR V\u00c1RIOS CRIMES.\" width=\"500\" height=\"620\" srcset=\"https:\/\/www.sudoestehoje.com.br\/novoportal\/wp-content\/uploads\/2015\/12\/servidora-500x620.jpg 500w, https:\/\/www.sudoestehoje.com.br\/novoportal\/wp-content\/uploads\/2015\/12\/servidora.jpg 516w\" sizes=\"auto, (max-width: 500px) 100vw, 500px\" \/><\/a><p id=\"caption-attachment-54385\" class=\"wp-caption-text\">A SERVIDORA ADRIANA MARTINS TAMB\u00c9M FOI V\u00cdTIMA E OS AUTORES DAS MONTAGENS DEVER\u00c3O RESPONDER PROCESSOS POR V\u00c1RIOS CRIMES CONTRA A SUA HONRA<\/p><\/div>\n<p>Identificados os autores e participantes dos il\u00edcitos, todos dos grupos &#8220;Touros&#8221; e &#8220;Gigantes da Resenha&#8221;, al\u00e9m de um blog da cidade, as v\u00edtimas registraram queixa no Complexo Policial de Itapetinga e tamb\u00e9m na Pol\u00edcia Federal, que j\u00e1 iniciaram as investiga\u00e7\u00f5es e devem abrir processos contra os criminosos.<\/p>\n<p><strong><em>Por Davi Ferraz<\/em><\/strong><\/p>\n<p><img decoding=\"async\" class=\"aligncenter\" src=\"http:\/\/www.sudoestehoje.com.br\/novoportal\/wp-content\/uploads\/2015\/12\/TROF%C3%89U-500x281.jpg\" alt=\"TROF\u00c9U\" \/><\/p>\n","protected":false},"excerpt":{"rendered":"<p>Em Itarantim, alguns servidores municipais e at\u00e9 o pr\u00f3prio prefeito Paulo Fernandes v\u00eam sendo v\u00edtimas de montagens e coment\u00e1rios difamat\u00f3rios postados em perfis falsos no aplicativo Whatsapp, supostamente elaborados por advers\u00e1rios pol\u00edticos e ex-servidores demitidos pelo prefeito. Esses perfis foram montados com a aquisi\u00e7\u00e3o de chips das operadores de telefonia m\u00f3vel que operam na cidade, [&hellip;]<\/p>\n","protected":false},"author":2,"featured_media":0,"comment_status":"open","ping_status":"open","sticky":false,"template":"","format":"standard","meta":{"footnotes":"","_links_to":"","_links_to_target":""},"categories":[1],"tags":[],"class_list":["post-54382","post","type-post","status-publish","format-standard","hentry","category-geral"],"views":1680,"_links":{"self":[{"href":"https:\/\/www.sudoestehoje.com.br\/novoportal\/wp-json\/wp\/v2\/posts\/54382","targetHints":{"allow":["GET"]}}],"collection":[{"href":"https:\/\/www.sudoestehoje.com.br\/novoportal\/wp-json\/wp\/v2\/posts"}],"about":[{"href":"https:\/\/www.sudoestehoje.com.br\/novoportal\/wp-json\/wp\/v2\/types\/post"}],"author":[{"embeddable":true,"href":"https:\/\/www.sudoestehoje.com.br\/novoportal\/wp-json\/wp\/v2\/users\/2"}],"replies":[{"embeddable":true,"href":"https:\/\/www.sudoestehoje.com.br\/novoportal\/wp-json\/wp\/v2\/comments?post=54382"}],"version-history":[{"count":5,"href":"https:\/\/www.sudoestehoje.com.br\/novoportal\/wp-json\/wp\/v2\/posts\/54382\/revisions"}],"predecessor-version":[{"id":54394,"href":"https:\/\/www.sudoestehoje.com.br\/novoportal\/wp-json\/wp\/v2\/posts\/54382\/revisions\/54394"}],"wp:attachment":[{"href":"https:\/\/www.sudoestehoje.com.br\/novoportal\/wp-json\/wp\/v2\/media?parent=54382"}],"wp:term":[{"taxonomy":"category","embeddable":true,"href":"https:\/\/www.sudoestehoje.com.br\/novoportal\/wp-json\/wp\/v2\/categories?post=54382"},{"taxonomy":"post_tag","embeddable":true,"href":"https:\/\/www.sudoestehoje.com.br\/novoportal\/wp-json\/wp\/v2\/tags?post=54382"}],"curies":[{"name":"wp","href":"https:\/\/api.w.org\/{rel}","templated":true}]}}