
{"id":54376,"date":"2015-12-18T18:49:14","date_gmt":"2015-12-18T21:49:14","guid":{"rendered":"http:\/\/www.sudoestehoje.com.br\/novoportal\/?p=54376"},"modified":"2015-12-18T18:50:33","modified_gmt":"2015-12-18T21:50:33","slug":"itapetinga-funcionario-da-casa-bella-morre-em-acidente-na-ba-263","status":"publish","type":"post","link":"https:\/\/www.sudoestehoje.com.br\/novoportal\/2015\/12\/18\/itapetinga-funcionario-da-casa-bella-morre-em-acidente-na-ba-263\/","title":{"rendered":"ITAPETINGA: FUNCION\u00c1RIO DA CASABELLA MORRE EM ACIDENTE NA BA-263"},"content":{"rendered":"<p><a href=\"http:\/\/www.sudoestehoje.com.br\/novoportal\/wp-content\/uploads\/2015\/12\/Matheus-2.jpg\"><img loading=\"lazy\" decoding=\"async\" class=\"aligncenter size-medium wp-image-54378\" src=\"http:\/\/www.sudoestehoje.com.br\/novoportal\/wp-content\/uploads\/2015\/12\/Matheus-2-500x353.jpg\" alt=\"Matheus-2\" width=\"500\" height=\"353\" srcset=\"https:\/\/www.sudoestehoje.com.br\/novoportal\/wp-content\/uploads\/2015\/12\/Matheus-2-500x353.jpg 500w, https:\/\/www.sudoestehoje.com.br\/novoportal\/wp-content\/uploads\/2015\/12\/Matheus-2-700x494.jpg 700w, https:\/\/www.sudoestehoje.com.br\/novoportal\/wp-content\/uploads\/2015\/12\/Matheus-2.jpg 943w\" sizes=\"auto, (max-width: 500px) 100vw, 500px\" \/><\/a><\/p>\n<p>O jovem itororoense Matheus Peixoto, de 23 anos, foi a v\u00edtima fatal de um grave acidente ocorrido na manh\u00e3 desta sexta-feira (18) na ponte Z\u00e9 Dias, em Itapetinga. O jovem estava em um ve\u00edculo Fiat Strada que, segundo informa\u00e7\u00f5es, estourou um dos pneus e acabou capotando e caindo em uma ribanceira, na BA-263.<\/p>\n<p>Com o impacto, Matheus foi arremessado para fora do ve\u00edculo muito violentamente, caindo a alguns metros de dist\u00e2ncia, e bateu com a cabe\u00e7a. Matheus era funcion\u00e1rio da loja de material de constru\u00e7\u00e3o Casa Bella em Itapetinga, onde residia h\u00e1 cerca de 10 anos, \u00a0no bairro Vila Riach\u00e3o.<\/p>\n<p><a href=\"http:\/\/www.sudoestehoje.com.br\/novoportal\/wp-content\/uploads\/2015\/12\/ACIDENTE-1.jpg\"><img loading=\"lazy\" decoding=\"async\" class=\"aligncenter size-medium wp-image-54379\" src=\"http:\/\/www.sudoestehoje.com.br\/novoportal\/wp-content\/uploads\/2015\/12\/ACIDENTE-1-500x281.jpg\" alt=\"ACIDENTE 1\" width=\"500\" height=\"281\" srcset=\"https:\/\/www.sudoestehoje.com.br\/novoportal\/wp-content\/uploads\/2015\/12\/ACIDENTE-1-500x281.jpg 500w, https:\/\/www.sudoestehoje.com.br\/novoportal\/wp-content\/uploads\/2015\/12\/ACIDENTE-1-700x394.jpg 700w, https:\/\/www.sudoestehoje.com.br\/novoportal\/wp-content\/uploads\/2015\/12\/ACIDENTE-1.jpg 1280w\" sizes=\"auto, (max-width: 500px) 100vw, 500px\" \/><\/a><\/p>\n<p>Matheus morreu no local, e um outro homem que estava no ve\u00edculo foi socorrido e encaminhado para o Hospital Cristo Redentor. O jovem passou grande parte de sua inf\u00e2ncia no bairro Aparecida, em Itoror\u00f3 onde fez muitos amigos. Matheus deixa esposa e um filho. <em>Itoror\u00f3 J\u00e1<\/em><\/p>\n","protected":false},"excerpt":{"rendered":"<p>O jovem itororoense Matheus Peixoto, de 23 anos, foi a v\u00edtima fatal de um grave acidente ocorrido na manh\u00e3 desta sexta-feira (18) na ponte Z\u00e9 Dias, em Itapetinga. O jovem estava em um ve\u00edculo Fiat Strada que, segundo informa\u00e7\u00f5es, estourou um dos pneus e acabou capotando e caindo em uma ribanceira, na BA-263. Com o [&hellip;]<\/p>\n","protected":false},"author":2,"featured_media":0,"comment_status":"open","ping_status":"open","sticky":false,"template":"","format":"standard","meta":{"footnotes":"","_links_to":"","_links_to_target":""},"categories":[1],"tags":[],"class_list":["post-54376","post","type-post","status-publish","format-standard","hentry","category-geral"],"views":3721,"_links":{"self":[{"href":"https:\/\/www.sudoestehoje.com.br\/novoportal\/wp-json\/wp\/v2\/posts\/54376","targetHints":{"allow":["GET"]}}],"collection":[{"href":"https:\/\/www.sudoestehoje.com.br\/novoportal\/wp-json\/wp\/v2\/posts"}],"about":[{"href":"https:\/\/www.sudoestehoje.com.br\/novoportal\/wp-json\/wp\/v2\/types\/post"}],"author":[{"embeddable":true,"href":"https:\/\/www.sudoestehoje.com.br\/novoportal\/wp-json\/wp\/v2\/users\/2"}],"replies":[{"embeddable":true,"href":"https:\/\/www.sudoestehoje.com.br\/novoportal\/wp-json\/wp\/v2\/comments?post=54376"}],"version-history":[{"count":3,"href":"https:\/\/www.sudoestehoje.com.br\/novoportal\/wp-json\/wp\/v2\/posts\/54376\/revisions"}],"predecessor-version":[{"id":54381,"href":"https:\/\/www.sudoestehoje.com.br\/novoportal\/wp-json\/wp\/v2\/posts\/54376\/revisions\/54381"}],"wp:attachment":[{"href":"https:\/\/www.sudoestehoje.com.br\/novoportal\/wp-json\/wp\/v2\/media?parent=54376"}],"wp:term":[{"taxonomy":"category","embeddable":true,"href":"https:\/\/www.sudoestehoje.com.br\/novoportal\/wp-json\/wp\/v2\/categories?post=54376"},{"taxonomy":"post_tag","embeddable":true,"href":"https:\/\/www.sudoestehoje.com.br\/novoportal\/wp-json\/wp\/v2\/tags?post=54376"}],"curies":[{"name":"wp","href":"https:\/\/api.w.org\/{rel}","templated":true}]}}