
{"id":54359,"date":"2015-12-17T17:55:00","date_gmt":"2015-12-17T20:55:00","guid":{"rendered":"http:\/\/www.sudoestehoje.com.br\/novoportal\/?p=54359"},"modified":"2015-12-17T18:30:37","modified_gmt":"2015-12-17T21:30:37","slug":"exclusivo-sai-a-nemeacao-do-novo-coordenador-da-19a-ciretran-de-itapetinga","status":"publish","type":"post","link":"https:\/\/www.sudoestehoje.com.br\/novoportal\/2015\/12\/17\/exclusivo-sai-a-nemeacao-do-novo-coordenador-da-19a-ciretran-de-itapetinga\/","title":{"rendered":"EXCLUSIVO: SAI A NOMEA\u00c7\u00c3O DO NOVO COORDENADOR DA 19\u00aa CIRETRAN DE ITAPETINGA"},"content":{"rendered":"<div id=\"attachment_54360\" style=\"width: 510px\" class=\"wp-caption aligncenter\"><a href=\"http:\/\/www.sudoestehoje.com.br\/novoportal\/wp-content\/uploads\/2015\/12\/cir-1.jpg\"><img loading=\"lazy\" decoding=\"async\" aria-describedby=\"caption-attachment-54360\" class=\"size-medium wp-image-54360\" src=\"http:\/\/www.sudoestehoje.com.br\/novoportal\/wp-content\/uploads\/2015\/12\/cir-1-500x375.jpg\" alt=\"RONI MARCELO, DEPUTADO ANT\u00d4NIO BRITO E LEONARDO MATOS\" width=\"500\" height=\"375\" srcset=\"https:\/\/www.sudoestehoje.com.br\/novoportal\/wp-content\/uploads\/2015\/12\/cir-1-500x375.jpg 500w, https:\/\/www.sudoestehoje.com.br\/novoportal\/wp-content\/uploads\/2015\/12\/cir-1-700x525.jpg 700w, https:\/\/www.sudoestehoje.com.br\/novoportal\/wp-content\/uploads\/2015\/12\/cir-1.jpg 960w\" sizes=\"auto, (max-width: 500px) 100vw, 500px\" \/><\/a><p id=\"caption-attachment-54360\" class=\"wp-caption-text\">RONI MARCELO, DEPUTADO ANT\u00d4NIO BRITO E LEONARDO MATOS<\/p><\/div>\n<p><strong><em>Por Davi Ferraz<\/em><\/strong><\/p>\n<p>Foi publicado no Di\u00e1rio Oficial do Estado, desta quarta-feira (16), a nomea\u00e7\u00e3o do novo coordenador da 19\u00aa Ciretran de Itapetinga. Trata-se do advogado Roni Marcelo de Mello, filiado ao PTB de Itapetinga, e a consequente exonera\u00e7\u00e3o de Josaf\u00e1 Neto de Oliveira, que vinha ocupando o cargo, h\u00e1 cerca de 3 anos.<\/p>\n<p>Em contato com lideran\u00e7as locais do PTB, o <em>Sudoeste Hoje<\/em> apurou que o novo coordenador foi \u00a0indicado para o cargo pelo presidente do diret\u00f3rio municipal do partido, Dr. Leonardo Matos, e que dever\u00e1 assumir suas fun\u00e7\u00f5es nos pr\u00f3ximos dias.<\/p>\n<p>Roni Marcelo de Mello \u00e9 natural de Amp\u00e9re, Estado do Paran\u00e1, sendo formado em Direito pela Universidade Paranaense. Cursou magist\u00e9rio e \u00e9 p\u00f3s graduado em Direito do Trabalho e Processo do Trabalho.<\/p>\n<p>Veio para Bahia em 2007, se fixando na cidade Lu\u00eds Eduardo Magalh\u00e3es, onde advogou para a Confedera\u00e7\u00e3o Nacional da Agricultura e Federa\u00e7\u00e3o da Agricultura da Bahia. Tamb\u00e9m foi assessor jur\u00eddico do grupo da multinacional Carroll Farms Brasil.<\/p>\n<p>Atualmente, residindo em Itapetinga, Roni passar\u00e1 a comandar a 19\u00aa Ciretran, cargo que vinha sendo ocupado por pessoa ligada ao Dep. Federal Ronaldo Carleto (PP). A sua indica\u00e7\u00e3o pol\u00edtica para o cargo foi do deputado Federal Ant\u00f4nio Brito e contou com chancela do deputado estadual Rosemberg Pinto (PT) e do prefeito Jos\u00e9 Carlos Moura.<\/p>\n<p>O novo coordenador ter\u00e1 um grande desafio \u00e1 frente ao \u00f3rg\u00e3o, que vem sendo objeto de investiga\u00e7\u00f5es por parte da pol\u00edcia, por diversas irregularidades.\u00a0O Sudoeste hoje deseja ao Dr. Roni boa sorte na nova fun\u00e7\u00e3o.<\/p>\n<p>Confira publica\u00e7\u00f5es no DOE:<\/p>\n<p><a href=\"http:\/\/www.sudoestehoje.com.br\/novoportal\/wp-content\/uploads\/2015\/12\/cir-3.jpg\"><img loading=\"lazy\" decoding=\"async\" class=\"aligncenter size-medium wp-image-54362\" src=\"http:\/\/www.sudoestehoje.com.br\/novoportal\/wp-content\/uploads\/2015\/12\/cir-3-500x366.jpg\" alt=\"cir 3\" width=\"500\" height=\"366\" srcset=\"https:\/\/www.sudoestehoje.com.br\/novoportal\/wp-content\/uploads\/2015\/12\/cir-3-500x366.jpg 500w, https:\/\/www.sudoestehoje.com.br\/novoportal\/wp-content\/uploads\/2015\/12\/cir-3-700x512.jpg 700w, https:\/\/www.sudoestehoje.com.br\/novoportal\/wp-content\/uploads\/2015\/12\/cir-3.jpg 960w\" sizes=\"auto, (max-width: 500px) 100vw, 500px\" \/><\/a><\/p>\n<p><a href=\"http:\/\/www.sudoestehoje.com.br\/novoportal\/wp-content\/uploads\/2015\/12\/cir-2.jpg\"><img loading=\"lazy\" decoding=\"async\" class=\"aligncenter size-medium wp-image-54361\" src=\"http:\/\/www.sudoestehoje.com.br\/novoportal\/wp-content\/uploads\/2015\/12\/cir-2-500x185.jpg\" alt=\"cir 2\" width=\"500\" height=\"185\" srcset=\"https:\/\/www.sudoestehoje.com.br\/novoportal\/wp-content\/uploads\/2015\/12\/cir-2-500x185.jpg 500w, https:\/\/www.sudoestehoje.com.br\/novoportal\/wp-content\/uploads\/2015\/12\/cir-2-700x260.jpg 700w, https:\/\/www.sudoestehoje.com.br\/novoportal\/wp-content\/uploads\/2015\/12\/cir-2.jpg 960w\" sizes=\"auto, (max-width: 500px) 100vw, 500px\" \/><\/a><\/p>\n<p><img decoding=\"async\" class=\"aligncenter\" src=\"http:\/\/www.sudoestehoje.com.br\/novoportal\/wp-content\/uploads\/2015\/10\/SERVLAR-BANNER-500x178.jpg\" alt=\"SERVLAR BANNER\" \/><\/p>\n","protected":false},"excerpt":{"rendered":"<p>Por Davi Ferraz Foi publicado no Di\u00e1rio Oficial do Estado, desta quarta-feira (16), a nomea\u00e7\u00e3o do novo coordenador da 19\u00aa Ciretran de Itapetinga. Trata-se do advogado Roni Marcelo de Mello, filiado ao PTB de Itapetinga, e a consequente exonera\u00e7\u00e3o de Josaf\u00e1 Neto de Oliveira, que vinha ocupando o cargo, h\u00e1 cerca de 3 anos. Em [&hellip;]<\/p>\n","protected":false},"author":2,"featured_media":0,"comment_status":"open","ping_status":"open","sticky":false,"template":"","format":"standard","meta":{"footnotes":"","_links_to":"","_links_to_target":""},"categories":[1],"tags":[],"class_list":["post-54359","post","type-post","status-publish","format-standard","hentry","category-geral"],"views":2221,"_links":{"self":[{"href":"https:\/\/www.sudoestehoje.com.br\/novoportal\/wp-json\/wp\/v2\/posts\/54359","targetHints":{"allow":["GET"]}}],"collection":[{"href":"https:\/\/www.sudoestehoje.com.br\/novoportal\/wp-json\/wp\/v2\/posts"}],"about":[{"href":"https:\/\/www.sudoestehoje.com.br\/novoportal\/wp-json\/wp\/v2\/types\/post"}],"author":[{"embeddable":true,"href":"https:\/\/www.sudoestehoje.com.br\/novoportal\/wp-json\/wp\/v2\/users\/2"}],"replies":[{"embeddable":true,"href":"https:\/\/www.sudoestehoje.com.br\/novoportal\/wp-json\/wp\/v2\/comments?post=54359"}],"version-history":[{"count":6,"href":"https:\/\/www.sudoestehoje.com.br\/novoportal\/wp-json\/wp\/v2\/posts\/54359\/revisions"}],"predecessor-version":[{"id":54369,"href":"https:\/\/www.sudoestehoje.com.br\/novoportal\/wp-json\/wp\/v2\/posts\/54359\/revisions\/54369"}],"wp:attachment":[{"href":"https:\/\/www.sudoestehoje.com.br\/novoportal\/wp-json\/wp\/v2\/media?parent=54359"}],"wp:term":[{"taxonomy":"category","embeddable":true,"href":"https:\/\/www.sudoestehoje.com.br\/novoportal\/wp-json\/wp\/v2\/categories?post=54359"},{"taxonomy":"post_tag","embeddable":true,"href":"https:\/\/www.sudoestehoje.com.br\/novoportal\/wp-json\/wp\/v2\/tags?post=54359"}],"curies":[{"name":"wp","href":"https:\/\/api.w.org\/{rel}","templated":true}]}}