
{"id":54354,"date":"2015-12-17T12:54:13","date_gmt":"2015-12-17T15:54:13","guid":{"rendered":"http:\/\/www.sudoestehoje.com.br\/novoportal\/?p=54354"},"modified":"2015-12-17T13:56:23","modified_gmt":"2015-12-17T16:56:23","slug":"54354","status":"publish","type":"post","link":"https:\/\/www.sudoestehoje.com.br\/novoportal\/2015\/12\/17\/54354\/","title":{"rendered":"ANT\u00d4NIO BRITO: APROVADA GARANTIA DE MEIO SAL\u00c1RIO M\u00cdNIMO \u00c0 PESSOA TUBERCULOSA"},"content":{"rendered":"<p><a href=\"http:\/\/www.sudoestehoje.com.br\/novoportal\/wp-content\/uploads\/2015\/12\/650.jpg\"><img loading=\"lazy\" decoding=\"async\" class=\"aligncenter size-medium wp-image-54357\" src=\"http:\/\/www.sudoestehoje.com.br\/novoportal\/wp-content\/uploads\/2015\/12\/650-500x333.jpg\" alt=\"650\" width=\"500\" height=\"333\" srcset=\"https:\/\/www.sudoestehoje.com.br\/novoportal\/wp-content\/uploads\/2015\/12\/650-500x333.jpg 500w, https:\/\/www.sudoestehoje.com.br\/novoportal\/wp-content\/uploads\/2015\/12\/650.jpg 650w\" sizes=\"auto, (max-width: 500px) 100vw, 500px\" \/><\/a><\/p>\n<p>A Comiss\u00e3o de Seguridade Social da C\u00e2mara dos Deputados aprovou projeto do deputado Antonio Brito (PTB-BA) que garante benef\u00edcio de meio sal\u00e1rio m\u00ednimo para fam\u00edlia de baixa renda em que um dos membros trate-se de tuberculose ou hansen\u00edase (PL 6991\/13).<\/p>\n<p>A fam\u00edlia precisa estar no Cadastro \u00danico para Programas Sociais do governo federal (Cad\u00danico) para receber o benef\u00edcio mensal. O benef\u00edcio ser\u00e1 mantido at\u00e9 o fim do tratamento e n\u00e3o poder ser acumulado com outro.<\/p>\n<p>\u201cA continuidade do tratamento \u00e9 o meio eficaz para a cura completa do paciente, e o benef\u00edcio permite que o afastamento do trabalho n\u00e3o comprometa muito o or\u00e7amento familiar\u201d, explica Brito.<\/p>\n<p>O projeto nasceu a partir das conclus\u00f5es da subcomiss\u00e3o especial criada para analisar as a\u00e7\u00f5es de governo no combate \u00e0s doen\u00e7as relacionadas \u00e0 pobreza, que encerrou os trabalhos em setembro de 2013. Brito foi o relator da proposta.<\/p>\n<p>De acordo com o relat\u00f3rio, a tuberculose \u00e9 a doen\u00e7a mais importante dentre as relacionadas \u00e0 pobreza. Em 2011, foram registrados 37,1 casos da doen\u00e7a para cada 100 mil habitantes, um \u00edndice considerado alto pelos padr\u00f5es internacionais.<\/p>\n<p>Al\u00e9m da tuberculose e da hansen\u00edase, o relat\u00f3rio cita outras doen\u00e7as negligenciadas, com incid\u00eancia relevantes: leishmaniose, doen\u00e7a de chagas, tracoma, dengue e mal\u00e1ria, al\u00e9m de diversas parasitoses.<\/p>\n<p><img decoding=\"async\" class=\" aligncenter\" src=\"http:\/\/img.blogdoanderson.com\/publicidade\/cristo-redentor-02-15.jpg\" alt=\"\" \/><!--more--><\/p>\n<p><strong>Continuidade do tratamento<\/strong><\/p>\n<p>A concess\u00e3o do benef\u00edcio financeiro depender\u00e1 da ades\u00e3o do benefici\u00e1rio ao tratamento prescrito no Sistema \u00danico de Sa\u00fade (SUS). A interrup\u00e7\u00e3o do tratamento gera imediata suspens\u00e3o do pagamento do benef\u00edcio.<\/p>\n<p>\u201cNo Brasil, a tuberculose \u00e9 marcada por dois grandes desafios: a garantia de diagn\u00f3stico confi\u00e1vel e de acompanhamento apropriado, pois o abandono do tratamento \u00e9 altamente prejudicial \u00e0 sua elimina\u00e7\u00e3o\u201d, afirma Brito. \u201cNo mesmo patamar, encontra-se a hansen\u00edase, doen\u00e7a que tem como maiores desafios, atualmente, prevenir e evitar que os atingidos apresentem sequelas por falta de servi\u00e7os adequados.\u201d<\/p>\n<p>O pagamento do novo benef\u00edcio ser\u00e1 feito com base nas regras do Bolsa Fam\u00edlia.<\/p>\n<p><strong>Tramita\u00e7\u00e3o\u00a0<\/strong><\/p>\n<p>A proposta ainda ser\u00e1 analisada pelas comiss\u00f5es de Finan\u00e7as e Tributa\u00e7\u00e3o; e de Constitui\u00e7\u00e3o e Justi\u00e7a e de Cidadania.<\/p>\n<p><em>(Com informa\u00e7\u00f5es do C\u00e2mara Not\u00edcias)<\/em><\/p>\n","protected":false},"excerpt":{"rendered":"<p>A Comiss\u00e3o de Seguridade Social da C\u00e2mara dos Deputados aprovou projeto do deputado Antonio Brito (PTB-BA) que garante benef\u00edcio de meio sal\u00e1rio m\u00ednimo para fam\u00edlia de baixa renda em que um dos membros trate-se de tuberculose ou hansen\u00edase (PL 6991\/13). A fam\u00edlia precisa estar no Cadastro \u00danico para Programas Sociais do governo federal (Cad\u00danico) para [&hellip;]<\/p>\n","protected":false},"author":2,"featured_media":0,"comment_status":"open","ping_status":"open","sticky":false,"template":"","format":"standard","meta":{"footnotes":"","_links_to":"","_links_to_target":""},"categories":[1],"tags":[],"class_list":["post-54354","post","type-post","status-publish","format-standard","hentry","category-geral"],"views":1208,"_links":{"self":[{"href":"https:\/\/www.sudoestehoje.com.br\/novoportal\/wp-json\/wp\/v2\/posts\/54354","targetHints":{"allow":["GET"]}}],"collection":[{"href":"https:\/\/www.sudoestehoje.com.br\/novoportal\/wp-json\/wp\/v2\/posts"}],"about":[{"href":"https:\/\/www.sudoestehoje.com.br\/novoportal\/wp-json\/wp\/v2\/types\/post"}],"author":[{"embeddable":true,"href":"https:\/\/www.sudoestehoje.com.br\/novoportal\/wp-json\/wp\/v2\/users\/2"}],"replies":[{"embeddable":true,"href":"https:\/\/www.sudoestehoje.com.br\/novoportal\/wp-json\/wp\/v2\/comments?post=54354"}],"version-history":[{"count":3,"href":"https:\/\/www.sudoestehoje.com.br\/novoportal\/wp-json\/wp\/v2\/posts\/54354\/revisions"}],"predecessor-version":[{"id":54358,"href":"https:\/\/www.sudoestehoje.com.br\/novoportal\/wp-json\/wp\/v2\/posts\/54354\/revisions\/54358"}],"wp:attachment":[{"href":"https:\/\/www.sudoestehoje.com.br\/novoportal\/wp-json\/wp\/v2\/media?parent=54354"}],"wp:term":[{"taxonomy":"category","embeddable":true,"href":"https:\/\/www.sudoestehoje.com.br\/novoportal\/wp-json\/wp\/v2\/categories?post=54354"},{"taxonomy":"post_tag","embeddable":true,"href":"https:\/\/www.sudoestehoje.com.br\/novoportal\/wp-json\/wp\/v2\/tags?post=54354"}],"curies":[{"name":"wp","href":"https:\/\/api.w.org\/{rel}","templated":true}]}}