
{"id":54325,"date":"2015-12-16T19:27:30","date_gmt":"2015-12-16T22:27:30","guid":{"rendered":"http:\/\/www.sudoestehoje.com.br\/novoportal\/?p=54325"},"modified":"2015-12-16T19:27:30","modified_gmt":"2015-12-16T22:27:30","slug":"ministro-fachin-impoe-derrotas-a-dilma-e-valida-comissao-do-impeachment","status":"publish","type":"post","link":"https:\/\/www.sudoestehoje.com.br\/novoportal\/2015\/12\/16\/ministro-fachin-impoe-derrotas-a-dilma-e-valida-comissao-do-impeachment\/","title":{"rendered":"MINISTRO FACHIN IMP\u00d5E DERROTAS A DILMA E VALIDA COMISS\u00c3O DO IMPEACHMENT"},"content":{"rendered":"<div id=\"attachment_54326\" style=\"width: 510px\" class=\"wp-caption aligncenter\"><a href=\"http:\/\/www.sudoestehoje.com.br\/novoportal\/wp-content\/uploads\/2015\/12\/FACHIN.jpg\"><img loading=\"lazy\" decoding=\"async\" aria-describedby=\"caption-attachment-54326\" class=\"size-medium wp-image-54326\" src=\"http:\/\/www.sudoestehoje.com.br\/novoportal\/wp-content\/uploads\/2015\/12\/FACHIN-500x335.jpg\" alt=\"O jurista Luiz Edson Fachin\" width=\"500\" height=\"335\" srcset=\"https:\/\/www.sudoestehoje.com.br\/novoportal\/wp-content\/uploads\/2015\/12\/FACHIN-500x335.jpg 500w, https:\/\/www.sudoestehoje.com.br\/novoportal\/wp-content\/uploads\/2015\/12\/FACHIN-700x469.jpg 700w, https:\/\/www.sudoestehoje.com.br\/novoportal\/wp-content\/uploads\/2015\/12\/FACHIN.jpg 940w\" sizes=\"auto, (max-width: 500px) 100vw, 500px\" \/><\/a><p id=\"caption-attachment-54326\" class=\"wp-caption-text\">O jurista Luiz Edson Fachin<\/p><\/div>\n<p>O ministro Luiz Edson Fachin negou voto aberto e defesa pr\u00e9via do chefe do executivo durante julgamento no Supremo Tribunal Federal (STF) para definir rito do processo de impeachment de Dilma Rousseff na tarde dessa quarta-feira (16).<\/p>\n<p>O relator defendeu que a elei\u00e7\u00e3o dos membros da comiss\u00e3o por vota\u00e7\u00e3o secreta, a partir das duas chapas, foi leg\u00edtima, entendendo que a quest\u00e3o \u00e9 reservada \u00e0 C\u00e2mara. Contudo, Fachin salientou que a vota\u00e7\u00e3o final, no plen\u00e1rio da C\u00e2mara, dever\u00e1 ser aberta.<\/p>\n<p>O voto de Fachin confirma as informa\u00e7\u00f5es vazadas para a imprensa na manh\u00e3 desta quarta-feira (16). A sess\u00e3o do STF foi suspensa ap\u00f3s o voto do relator e ser\u00e1 reiniciada nesta quinta-feira, com os votos dos demais ministros. BN<\/p>\n<p><img decoding=\"async\" class=\"aligncenter\" src=\"http:\/\/www.sudoestehoje.com.br\/novoportal\/wp-content\/uploads\/2015\/12\/NATAL-SUPERMODA-500x167.jpg\" alt=\"NATAL SUPERMODA\" \/><\/p>\n","protected":false},"excerpt":{"rendered":"<p>O ministro Luiz Edson Fachin negou voto aberto e defesa pr\u00e9via do chefe do executivo durante julgamento no Supremo Tribunal Federal (STF) para definir rito do processo de impeachment de Dilma Rousseff na tarde dessa quarta-feira (16). O relator defendeu que a elei\u00e7\u00e3o dos membros da comiss\u00e3o por vota\u00e7\u00e3o secreta, a partir das duas chapas, [&hellip;]<\/p>\n","protected":false},"author":2,"featured_media":0,"comment_status":"open","ping_status":"open","sticky":false,"template":"","format":"standard","meta":{"footnotes":"","_links_to":"","_links_to_target":""},"categories":[1],"tags":[],"class_list":["post-54325","post","type-post","status-publish","format-standard","hentry","category-geral"],"views":1113,"_links":{"self":[{"href":"https:\/\/www.sudoestehoje.com.br\/novoportal\/wp-json\/wp\/v2\/posts\/54325","targetHints":{"allow":["GET"]}}],"collection":[{"href":"https:\/\/www.sudoestehoje.com.br\/novoportal\/wp-json\/wp\/v2\/posts"}],"about":[{"href":"https:\/\/www.sudoestehoje.com.br\/novoportal\/wp-json\/wp\/v2\/types\/post"}],"author":[{"embeddable":true,"href":"https:\/\/www.sudoestehoje.com.br\/novoportal\/wp-json\/wp\/v2\/users\/2"}],"replies":[{"embeddable":true,"href":"https:\/\/www.sudoestehoje.com.br\/novoportal\/wp-json\/wp\/v2\/comments?post=54325"}],"version-history":[{"count":1,"href":"https:\/\/www.sudoestehoje.com.br\/novoportal\/wp-json\/wp\/v2\/posts\/54325\/revisions"}],"predecessor-version":[{"id":54327,"href":"https:\/\/www.sudoestehoje.com.br\/novoportal\/wp-json\/wp\/v2\/posts\/54325\/revisions\/54327"}],"wp:attachment":[{"href":"https:\/\/www.sudoestehoje.com.br\/novoportal\/wp-json\/wp\/v2\/media?parent=54325"}],"wp:term":[{"taxonomy":"category","embeddable":true,"href":"https:\/\/www.sudoestehoje.com.br\/novoportal\/wp-json\/wp\/v2\/categories?post=54325"},{"taxonomy":"post_tag","embeddable":true,"href":"https:\/\/www.sudoestehoje.com.br\/novoportal\/wp-json\/wp\/v2\/tags?post=54325"}],"curies":[{"name":"wp","href":"https:\/\/api.w.org\/{rel}","templated":true}]}}