
{"id":54311,"date":"2015-12-16T12:59:55","date_gmt":"2015-12-16T15:59:55","guid":{"rendered":"http:\/\/www.sudoestehoje.com.br\/novoportal\/?p=54311"},"modified":"2015-12-16T18:23:53","modified_gmt":"2015-12-16T21:23:53","slug":"herzem-comemora-aprovacao-de-pl-que-reduz-multa-de-vanzeiro-em-80","status":"publish","type":"post","link":"https:\/\/www.sudoestehoje.com.br\/novoportal\/2015\/12\/16\/herzem-comemora-aprovacao-de-pl-que-reduz-multa-de-vanzeiro-em-80\/","title":{"rendered":"HERZEM COMEMORA APROVA\u00c7\u00c3O DE PL QUE REDUZ MULTA DE &#8220;VANZEIROS&#8221; EM 80%"},"content":{"rendered":"<p><a href=\"http:\/\/www.sudoestehoje.com.br\/novoportal\/wp-content\/uploads\/2015\/12\/Herzem-Z\u00e9-Neto.jpg\"><img loading=\"lazy\" decoding=\"async\" class=\"aligncenter size-medium wp-image-54312\" src=\"http:\/\/www.sudoestehoje.com.br\/novoportal\/wp-content\/uploads\/2015\/12\/Herzem-Z\u00e9-Neto-500x332.jpg\" alt=\"Herzem-Z\u00e9-Neto\" width=\"500\" height=\"332\" srcset=\"https:\/\/www.sudoestehoje.com.br\/novoportal\/wp-content\/uploads\/2015\/12\/Herzem-Z\u00e9-Neto-500x332.jpg 500w, https:\/\/www.sudoestehoje.com.br\/novoportal\/wp-content\/uploads\/2015\/12\/Herzem-Z\u00e9-Neto-700x465.jpg 700w, https:\/\/www.sudoestehoje.com.br\/novoportal\/wp-content\/uploads\/2015\/12\/Herzem-Z\u00e9-Neto.jpg 802w\" sizes=\"auto, (max-width: 500px) 100vw, 500px\" \/><\/a><\/p>\n<p>A\u00a0Assembleia Legislativa da Bahia aprovou o Projeto de Lei (PL) 21.655\/2015 que visa reduzir em 80% o valor das multas lavradas contra donos de vans, \u00f4nibus, micro-\u00f4nibus e similares.<\/p>\n<p>O PL, enviado pelo governo, sugeria que as multas lavradas at\u00e9 31 de julho de 2015 teriam reduzido o valor em 80%, todavia atrav\u00e9s de articula\u00e7\u00e3o do deputado estadual Herzem Gusm\u00e3o (PMDB), a bancada de oposi\u00e7\u00e3o, apresentou uma emenda para que a redu\u00e7\u00e3o beneficiasse tamb\u00e9m aqueles que fossem multados at\u00e9 31 de dezembro de 2015. O l\u00edder do Governo da Bahia, deputado estadual Z\u00e9 Neto (PT), foi decisivo nas negocia\u00e7\u00f5es que permitiram o r\u00e1pido acordo.<\/p>\n<p>Segundo Herzem, \u201ca Assembleia Legislativa aprovou, de maneira hist\u00f3rica o projeto que vai beneficiar os vanzeiros que realizam o transporte alternativo na Bahia, principalmente os da regi\u00e3o sudoeste que vinham sofrendo com dura fiscaliza\u00e7\u00e3o da AGERBA\u201d, disse.<\/p>\n<p>Ainda de acordo com o peemedebista, \u201co governo, ao assinar um Termo de Ajustamento de Conduta (TAC) junto ao Minist\u00e9rio P\u00fablico, vai licitar 270 linhas para toda a Bahia. Em janeiro, junto com diversos deputados, vamos realizar uma reuni\u00e3o em Conquista para tratar do tema com os futuros prestadores do servi\u00e7o de transporte rodovi\u00e1rio intermunicipal\u201d. acrescentou.<\/p>\n<p><img decoding=\"async\" class=\"aligncenter\" src=\"http:\/\/www.sudoestehoje.com.br\/novoportal\/wp-content\/uploads\/2015\/12\/rezende-500x185.png\" alt=\"rezende\" \/><\/p>\n","protected":false},"excerpt":{"rendered":"<p>A\u00a0Assembleia Legislativa da Bahia aprovou o Projeto de Lei (PL) 21.655\/2015 que visa reduzir em 80% o valor das multas lavradas contra donos de vans, \u00f4nibus, micro-\u00f4nibus e similares. O PL, enviado pelo governo, sugeria que as multas lavradas at\u00e9 31 de julho de 2015 teriam reduzido o valor em 80%, todavia atrav\u00e9s de articula\u00e7\u00e3o [&hellip;]<\/p>\n","protected":false},"author":2,"featured_media":0,"comment_status":"open","ping_status":"open","sticky":false,"template":"","format":"standard","meta":{"footnotes":"","_links_to":"","_links_to_target":""},"categories":[1],"tags":[],"class_list":["post-54311","post","type-post","status-publish","format-standard","hentry","category-geral"],"views":1101,"_links":{"self":[{"href":"https:\/\/www.sudoestehoje.com.br\/novoportal\/wp-json\/wp\/v2\/posts\/54311","targetHints":{"allow":["GET"]}}],"collection":[{"href":"https:\/\/www.sudoestehoje.com.br\/novoportal\/wp-json\/wp\/v2\/posts"}],"about":[{"href":"https:\/\/www.sudoestehoje.com.br\/novoportal\/wp-json\/wp\/v2\/types\/post"}],"author":[{"embeddable":true,"href":"https:\/\/www.sudoestehoje.com.br\/novoportal\/wp-json\/wp\/v2\/users\/2"}],"replies":[{"embeddable":true,"href":"https:\/\/www.sudoestehoje.com.br\/novoportal\/wp-json\/wp\/v2\/comments?post=54311"}],"version-history":[{"count":2,"href":"https:\/\/www.sudoestehoje.com.br\/novoportal\/wp-json\/wp\/v2\/posts\/54311\/revisions"}],"predecessor-version":[{"id":54318,"href":"https:\/\/www.sudoestehoje.com.br\/novoportal\/wp-json\/wp\/v2\/posts\/54311\/revisions\/54318"}],"wp:attachment":[{"href":"https:\/\/www.sudoestehoje.com.br\/novoportal\/wp-json\/wp\/v2\/media?parent=54311"}],"wp:term":[{"taxonomy":"category","embeddable":true,"href":"https:\/\/www.sudoestehoje.com.br\/novoportal\/wp-json\/wp\/v2\/categories?post=54311"},{"taxonomy":"post_tag","embeddable":true,"href":"https:\/\/www.sudoestehoje.com.br\/novoportal\/wp-json\/wp\/v2\/tags?post=54311"}],"curies":[{"name":"wp","href":"https:\/\/api.w.org\/{rel}","templated":true}]}}