
{"id":5431,"date":"2011-06-04T00:03:12","date_gmt":"2011-06-04T03:03:12","guid":{"rendered":"http:\/\/www.sudoestehoje.com.br\/novoportal\/?p=5431"},"modified":"2011-06-04T00:26:13","modified_gmt":"2011-06-04T03:26:13","slug":"operacao-esfinge-decretada-prisao-preventiva-do-major-silverio-e-mais-17","status":"publish","type":"post","link":"https:\/\/www.sudoestehoje.com.br\/novoportal\/2011\/06\/04\/operacao-esfinge-decretada-prisao-preventiva-do-major-silverio-e-mais-17\/","title":{"rendered":"OPERA\u00c7\u00c3O ESFINGE: DECRETADA PRIS\u00c3O PREVENTIVA DO MAJOR SILV\u00c9RIO E MAIS 17"},"content":{"rendered":"<p style=\"text-align: center;\"><img decoding=\"async\" src=\"http:\/\/4.bp.blogspot.com\/-i46EqtK1XLc\/TeVfee5MD4I\/AAAAAAAAAXA\/KLQmFT38KDM\/s1600\/maj.gif\" alt=\"\" \/><\/p>\n<p style=\"text-align: center;\"><em><strong>Justi\u00e7a considerou necess\u00e1ria a manuten\u00e7\u00e3o das pris\u00f5es\u00a0<\/strong><\/em><\/p>\n<p>\u00a0<\/p>\n<p>Foi decretada nesta sexta-feira (3) pelo juiz F\u00e1bio Veiga, da comarca de Camacan, \u00a0a pris\u00e3o preventiva das 17 pessoas presas durante a \u201cOpera\u00e7\u00e3o Esfinge\u201d e mais do policial civil Luciano Santos Cardoso, que se encontrava foragido e se apresentou, j\u00e1 sendo ouvido na Corregedoria da Pol\u00edcia Civil. A opera\u00e7\u00e3o foi deflagrada no \u00faltimo dia 31 de maio pelo Minist\u00e9rio P\u00fablico estadual, por meio do Grupo de Atua\u00e7\u00e3o Especial de Combate \u00e0s Organiza\u00e7\u00f5es Criminosas e de Investiga\u00e7\u00f5es Criminais (Gaeco), em conjunto com a Secretaria de Seguran\u00e7a P\u00fablica (SSP) e Corregedorias das Pol\u00edcias Civil e Militar.<\/p>\n<p>O pedido da preventiva foi feito pela promotora de Justi\u00e7a Ediene Lousado, coordenadora do Gaeco, que considerou necess\u00e1ria a manuten\u00e7\u00e3o das pris\u00f5es dos envolvidos em v\u00e1rios il\u00edcitos, a fim de prosseguir com as investiga\u00e7\u00f5es que continuam sendo feitas. Durante a opera\u00e7\u00e3o, foram presas 17 pessoas, dentre elas o delegado de Camacan Jackson Silva e o major da Pol\u00edcia Militar Jos\u00e9 Silv\u00e9rio de Almeida Neto, policiais civis e militares, um ex-agente da Pol\u00edcia Civil e dois empres\u00e1rios, os quais s\u00e3o acusados de praticar extors\u00e3o, forma\u00e7\u00e3o de quadrilha, recepta\u00e7\u00e3o de carga roubada e de ve\u00edculos de origem il\u00edcita, dentre outros crimes, como de homic\u00eddio, que est\u00e3o sendo investigados em sigilo. As pris\u00f5es aconteceram nos munic\u00edpios de Itabuna, Camacan e Ilh\u00e9us.<\/p>\n","protected":false},"excerpt":{"rendered":"<p>Justi\u00e7a considerou necess\u00e1ria a manuten\u00e7\u00e3o das pris\u00f5es\u00a0 \u00a0 Foi decretada nesta sexta-feira (3) pelo juiz F\u00e1bio Veiga, da comarca de Camacan, \u00a0a pris\u00e3o preventiva das 17 pessoas presas durante a \u201cOpera\u00e7\u00e3o Esfinge\u201d e mais do policial civil Luciano Santos Cardoso, que se encontrava foragido e se apresentou, j\u00e1 sendo ouvido na Corregedoria da Pol\u00edcia Civil. [&hellip;]<\/p>\n","protected":false},"author":2,"featured_media":0,"comment_status":"open","ping_status":"open","sticky":false,"template":"","format":"standard","meta":{"footnotes":"","_links_to":"","_links_to_target":""},"categories":[1],"tags":[],"class_list":["post-5431","post","type-post","status-publish","format-standard","hentry","category-geral"],"views":1362,"_links":{"self":[{"href":"https:\/\/www.sudoestehoje.com.br\/novoportal\/wp-json\/wp\/v2\/posts\/5431","targetHints":{"allow":["GET"]}}],"collection":[{"href":"https:\/\/www.sudoestehoje.com.br\/novoportal\/wp-json\/wp\/v2\/posts"}],"about":[{"href":"https:\/\/www.sudoestehoje.com.br\/novoportal\/wp-json\/wp\/v2\/types\/post"}],"author":[{"embeddable":true,"href":"https:\/\/www.sudoestehoje.com.br\/novoportal\/wp-json\/wp\/v2\/users\/2"}],"replies":[{"embeddable":true,"href":"https:\/\/www.sudoestehoje.com.br\/novoportal\/wp-json\/wp\/v2\/comments?post=5431"}],"version-history":[{"count":8,"href":"https:\/\/www.sudoestehoje.com.br\/novoportal\/wp-json\/wp\/v2\/posts\/5431\/revisions"}],"predecessor-version":[{"id":5440,"href":"https:\/\/www.sudoestehoje.com.br\/novoportal\/wp-json\/wp\/v2\/posts\/5431\/revisions\/5440"}],"wp:attachment":[{"href":"https:\/\/www.sudoestehoje.com.br\/novoportal\/wp-json\/wp\/v2\/media?parent=5431"}],"wp:term":[{"taxonomy":"category","embeddable":true,"href":"https:\/\/www.sudoestehoje.com.br\/novoportal\/wp-json\/wp\/v2\/categories?post=5431"},{"taxonomy":"post_tag","embeddable":true,"href":"https:\/\/www.sudoestehoje.com.br\/novoportal\/wp-json\/wp\/v2\/tags?post=5431"}],"curies":[{"name":"wp","href":"https:\/\/api.w.org\/{rel}","templated":true}]}}