
{"id":54301,"date":"2015-12-15T13:52:51","date_gmt":"2015-12-15T16:52:51","guid":{"rendered":"http:\/\/www.sudoestehoje.com.br\/novoportal\/?p=54301"},"modified":"2015-12-16T18:02:56","modified_gmt":"2015-12-16T21:02:56","slug":"ha-expectativa-na-camara-sobre-iminente-renuncia-de-cunha","status":"publish","type":"post","link":"https:\/\/www.sudoestehoje.com.br\/novoportal\/2015\/12\/15\/ha-expectativa-na-camara-sobre-iminente-renuncia-de-cunha\/","title":{"rendered":"H\u00c1 EXPECTATIVA NA C\u00c2MARA SOBRE IMINENTE REN\u00daNCIA DE CUNHA"},"content":{"rendered":"<div class=\"col-md-12 font_a\"><a href=\"http:\/\/www.sudoestehoje.com.br\/novoportal\/wp-content\/uploads\/2015\/12\/eduardo-cunha-19nov15-by-antonio-cruz.jpg\"><img loading=\"lazy\" decoding=\"async\" class=\"aligncenter size-medium wp-image-54302\" src=\"http:\/\/www.sudoestehoje.com.br\/novoportal\/wp-content\/uploads\/2015\/12\/eduardo-cunha-19nov15-by-antonio-cruz-500x285.jpg\" alt=\"eduardo cunha 19nov15 by antonio cruz\" width=\"500\" height=\"285\" srcset=\"https:\/\/www.sudoestehoje.com.br\/novoportal\/wp-content\/uploads\/2015\/12\/eduardo-cunha-19nov15-by-antonio-cruz-500x285.jpg 500w, https:\/\/www.sudoestehoje.com.br\/novoportal\/wp-content\/uploads\/2015\/12\/eduardo-cunha-19nov15-by-antonio-cruz-700x399.jpg 700w, https:\/\/www.sudoestehoje.com.br\/novoportal\/wp-content\/uploads\/2015\/12\/eduardo-cunha-19nov15-by-antonio-cruz.jpg 1500w\" sizes=\"auto, (max-width: 500px) 100vw, 500px\" \/><\/a><\/div>\n<div class=\"col-md-12 font_a\">\n<div class=\"col-md-12 font_a\">J\u00e1 circulam rumores de iminente ren\u00fancia do presidente da C\u00e2mara, dos Deputados Eduardo Cunha (PMDB-RJ), um dos principais alvos da Opera\u00e7\u00e3o Catilin\u00e1ria, da Pol\u00edcia Federal, nesta ter\u00e7a-feira (15).A ren\u00fancia de Cunha, se confirmada, pode ser comunicada em coletiva, nesta tarde.\u00a0Ele deixaria a presid\u00eancia para tentar preservar o mandato.Os rumores come\u00e7aram no pr\u00f3prio gabinete de Cunha e se espalha pela C\u00e2mara, chegando inclusive \u00e0 reuni\u00e3o do Conselho de \u00c9tica, que examina o andamento do processo contra ele por quebra de decoro parlamentar. O deputado Jos\u00e9 Carlos Ara\u00fajo (PR-BA), presidente do conselho, confirmou h\u00e1 pouco essa possibilidade.<\/p>\n<p>O cen\u00e1rio contra Cunha piorou na manh\u00e3 de hoje, ao ter suas casas e gabinete na C\u00e2mara vasculhados pela Pol\u00edcia Federal. Ele \u00e9 acusado pelo Minist\u00e9rio P\u00fablico Federal de corrup\u00e7\u00e3o e lavagem de dinheiro. As propinas que teriam sido recebidas por participa\u00e7\u00e3o no petrol\u00e3o est\u00e3o em contas na Su\u00ed\u00e7a, que Cunha n\u00e3o declarou \u00e0 Receita Federal. Ele nega ser titular das contas.<\/p>\n<p><img decoding=\"async\" class=\" aligncenter\" src=\"http:\/\/www.sudoestehoje.com.br\/novoportal\/wp-content\/uploads\/2014\/06\/COOLEITE-PRODUTOS-500x249.jpg\" alt=\"COOLEITE PRODUTOS\" \/><\/p>\n<\/div>\n<\/div>\n","protected":false},"excerpt":{"rendered":"<p>J\u00e1 circulam rumores de iminente ren\u00fancia do presidente da C\u00e2mara, dos Deputados Eduardo Cunha (PMDB-RJ), um dos principais alvos da Opera\u00e7\u00e3o Catilin\u00e1ria, da Pol\u00edcia Federal, nesta ter\u00e7a-feira (15).A ren\u00fancia de Cunha, se confirmada, pode ser comunicada em coletiva, nesta tarde.\u00a0Ele deixaria a presid\u00eancia para tentar preservar o mandato.Os rumores come\u00e7aram no pr\u00f3prio gabinete de Cunha [&hellip;]<\/p>\n","protected":false},"author":2,"featured_media":0,"comment_status":"open","ping_status":"open","sticky":false,"template":"","format":"standard","meta":{"footnotes":"","_links_to":"","_links_to_target":""},"categories":[1],"tags":[],"class_list":["post-54301","post","type-post","status-publish","format-standard","hentry","category-geral"],"views":1125,"_links":{"self":[{"href":"https:\/\/www.sudoestehoje.com.br\/novoportal\/wp-json\/wp\/v2\/posts\/54301","targetHints":{"allow":["GET"]}}],"collection":[{"href":"https:\/\/www.sudoestehoje.com.br\/novoportal\/wp-json\/wp\/v2\/posts"}],"about":[{"href":"https:\/\/www.sudoestehoje.com.br\/novoportal\/wp-json\/wp\/v2\/types\/post"}],"author":[{"embeddable":true,"href":"https:\/\/www.sudoestehoje.com.br\/novoportal\/wp-json\/wp\/v2\/users\/2"}],"replies":[{"embeddable":true,"href":"https:\/\/www.sudoestehoje.com.br\/novoportal\/wp-json\/wp\/v2\/comments?post=54301"}],"version-history":[{"count":4,"href":"https:\/\/www.sudoestehoje.com.br\/novoportal\/wp-json\/wp\/v2\/posts\/54301\/revisions"}],"predecessor-version":[{"id":54317,"href":"https:\/\/www.sudoestehoje.com.br\/novoportal\/wp-json\/wp\/v2\/posts\/54301\/revisions\/54317"}],"wp:attachment":[{"href":"https:\/\/www.sudoestehoje.com.br\/novoportal\/wp-json\/wp\/v2\/media?parent=54301"}],"wp:term":[{"taxonomy":"category","embeddable":true,"href":"https:\/\/www.sudoestehoje.com.br\/novoportal\/wp-json\/wp\/v2\/categories?post=54301"},{"taxonomy":"post_tag","embeddable":true,"href":"https:\/\/www.sudoestehoje.com.br\/novoportal\/wp-json\/wp\/v2\/tags?post=54301"}],"curies":[{"name":"wp","href":"https:\/\/api.w.org\/{rel}","templated":true}]}}