
{"id":54281,"date":"2015-12-15T00:04:12","date_gmt":"2015-12-15T03:04:12","guid":{"rendered":"http:\/\/www.sudoestehoje.com.br\/novoportal\/?p=54281"},"modified":"2015-12-15T00:04:12","modified_gmt":"2015-12-15T03:04:12","slug":"marco-correia-e-homenageado-pela-assembleia-legislativa-do-espirito-santo","status":"publish","type":"post","link":"https:\/\/www.sudoestehoje.com.br\/novoportal\/2015\/12\/15\/marco-correia-e-homenageado-pela-assembleia-legislativa-do-espirito-santo\/","title":{"rendered":"MARCO CORREIA \u00c9 HOMENAGEADO PELA ASSEMBLEIA LEGISLATIVA DO ESP\u00cdRITO SANTO"},"content":{"rendered":"<div id=\"attachment_54282\" style=\"width: 424px\" class=\"wp-caption aligncenter\"><a href=\"http:\/\/www.sudoestehoje.com.br\/novoportal\/wp-content\/uploads\/2015\/12\/MARCO-CORREIA.jpg\"><img loading=\"lazy\" decoding=\"async\" aria-describedby=\"caption-attachment-54282\" class=\" wp-image-54282\" src=\"http:\/\/www.sudoestehoje.com.br\/novoportal\/wp-content\/uploads\/2015\/12\/MARCO-CORREIA-500x667.jpg\" alt=\"EMPRES\u00c1RIO MARCO CORREIA\" width=\"414\" height=\"552\" srcset=\"https:\/\/www.sudoestehoje.com.br\/novoportal\/wp-content\/uploads\/2015\/12\/MARCO-CORREIA-500x667.jpg 500w, https:\/\/www.sudoestehoje.com.br\/novoportal\/wp-content\/uploads\/2015\/12\/MARCO-CORREIA-675x900.jpg 675w, https:\/\/www.sudoestehoje.com.br\/novoportal\/wp-content\/uploads\/2015\/12\/MARCO-CORREIA.jpg 720w\" sizes=\"auto, (max-width: 414px) 100vw, 414px\" \/><\/a><p id=\"caption-attachment-54282\" class=\"wp-caption-text\">EMPRES\u00c1RIO MARCO CORREIA<\/p><\/div>\n<p>Por indica\u00e7\u00e3o da Deputada Janete de S\u00e1 (PMN-ES), o empres\u00e1rio Marco Correia, diretor da empresa Vita Ambiental, foi agraciado em sess\u00e3o solene realizada no plen\u00e1rio da Assembleia Legislativa do Esp\u00edrito Santo, com a Comenda Domingos Martins, no grau de Comendador, pelo reconhecimento \u00e0 sua atua\u00e7\u00e3o como advogado.<\/p>\n<p>Esse t\u00edtulo \u00e9 concedido a pessoas que prestaram relevantes servi\u00e7os ao Estado, nas mais diversas \u00e1reas de atua\u00e7\u00e3o. Cada deputado pode indicar uma pessoa para receber a comenda.\u00a0O nome indicado \u00e9 submetido \u00e0 aprova\u00e7\u00e3o do Plen\u00e1rio, durante sess\u00e3o ordin\u00e1ria, e a comenda \u00e9 entregue uma vez ao ano.<\/p>\n<p>\u201cAgrade\u00e7o ao Grande Arquiteto por me conduzir no caminho justo e sempre em busca da perfei\u00e7\u00e3o, aos meus filhos Marx, Suzana e a minha linda esposa Raquel Correia\u00a0pelo companheirismo, for\u00e7a e apoio no meu dia-a-dia. A todos amigos e s\u00f3cios que s\u00e3o pe\u00e7as fundamentais para o sucesso de nossos neg\u00f3cios, \u00e0 Assembleia Legislativa do Esp\u00edrito Santo pela concess\u00e3o desse t\u00e3o nobre t\u00edtulo e em particular a amiga e deputada Janete de S\u00e1, incans\u00e1vel guerreira sempre na defesa da popula\u00e7\u00e3o e do Estado. A todos, muito obrigado!\u201d, agradeceu Marco Correia.<\/p>\n<p><img decoding=\"async\" class=\"aligncenter\" src=\"http:\/\/www.sudoestehoje.com.br\/novoportal\/wp-content\/uploads\/2015\/12\/SKALA-NATAL-11-500x186.jpg\" alt=\"SKALA NATAL 1\" \/><\/p>\n","protected":false},"excerpt":{"rendered":"<p>Por indica\u00e7\u00e3o da Deputada Janete de S\u00e1 (PMN-ES), o empres\u00e1rio Marco Correia, diretor da empresa Vita Ambiental, foi agraciado em sess\u00e3o solene realizada no plen\u00e1rio da Assembleia Legislativa do Esp\u00edrito Santo, com a Comenda Domingos Martins, no grau de Comendador, pelo reconhecimento \u00e0 sua atua\u00e7\u00e3o como advogado. Esse t\u00edtulo \u00e9 concedido a pessoas que prestaram [&hellip;]<\/p>\n","protected":false},"author":2,"featured_media":0,"comment_status":"open","ping_status":"open","sticky":false,"template":"","format":"standard","meta":{"footnotes":"","_links_to":"","_links_to_target":""},"categories":[1],"tags":[],"class_list":["post-54281","post","type-post","status-publish","format-standard","hentry","category-geral"],"views":2343,"_links":{"self":[{"href":"https:\/\/www.sudoestehoje.com.br\/novoportal\/wp-json\/wp\/v2\/posts\/54281","targetHints":{"allow":["GET"]}}],"collection":[{"href":"https:\/\/www.sudoestehoje.com.br\/novoportal\/wp-json\/wp\/v2\/posts"}],"about":[{"href":"https:\/\/www.sudoestehoje.com.br\/novoportal\/wp-json\/wp\/v2\/types\/post"}],"author":[{"embeddable":true,"href":"https:\/\/www.sudoestehoje.com.br\/novoportal\/wp-json\/wp\/v2\/users\/2"}],"replies":[{"embeddable":true,"href":"https:\/\/www.sudoestehoje.com.br\/novoportal\/wp-json\/wp\/v2\/comments?post=54281"}],"version-history":[{"count":3,"href":"https:\/\/www.sudoestehoje.com.br\/novoportal\/wp-json\/wp\/v2\/posts\/54281\/revisions"}],"predecessor-version":[{"id":54285,"href":"https:\/\/www.sudoestehoje.com.br\/novoportal\/wp-json\/wp\/v2\/posts\/54281\/revisions\/54285"}],"wp:attachment":[{"href":"https:\/\/www.sudoestehoje.com.br\/novoportal\/wp-json\/wp\/v2\/media?parent=54281"}],"wp:term":[{"taxonomy":"category","embeddable":true,"href":"https:\/\/www.sudoestehoje.com.br\/novoportal\/wp-json\/wp\/v2\/categories?post=54281"},{"taxonomy":"post_tag","embeddable":true,"href":"https:\/\/www.sudoestehoje.com.br\/novoportal\/wp-json\/wp\/v2\/tags?post=54281"}],"curies":[{"name":"wp","href":"https:\/\/api.w.org\/{rel}","templated":true}]}}