
{"id":5427,"date":"2011-06-04T00:02:13","date_gmt":"2011-06-04T03:02:13","guid":{"rendered":"http:\/\/www.sudoestehoje.com.br\/novoportal\/?p=5427"},"modified":"2011-06-04T00:02:13","modified_gmt":"2011-06-04T03:02:13","slug":"greve-uesb-docentes-e-governo-podem-fechar-acordo-ate-segunda","status":"publish","type":"post","link":"https:\/\/www.sudoestehoje.com.br\/novoportal\/2011\/06\/04\/greve-uesb-docentes-e-governo-podem-fechar-acordo-ate-segunda\/","title":{"rendered":"GREVE UESB: DOCENTES E GOVERNO PODEM FECHAR ACORDO AT\u00c9 SEGUNDA"},"content":{"rendered":"<p style=\"text-align: center;\"><img decoding=\"async\" src=\"http:\/\/blogmarcosfrahm.web138.f1.k8.com.br\/wp-content\/uploads\/2011\/06\/greve-uesb2.jpg\" alt=\"\" \/><\/p>\n<p style=\"text-align: center;\"><em><strong>Professores acampados na Assembl\u00e9ia Legislativa<\/strong><\/em><\/p>\n<p>\u00a0<\/p>\n<p>O secret\u00e1rio de Rela\u00e7\u00f5es Institucionais do governo do estado, C\u00e9zar Lisboa, questionado pelo <em>Bahia Not\u00edcias<\/em>, afirmou que a reuni\u00e3o entre reitores e o comando da greve dos docentes de universidades estaduais, realizada na tarde desta sexta-feira (3),\u00a0foi positiva, e que a categoria deve fechar acordo j\u00e1 nesta segunda (6). O encontro, de acordo com Lisboa, deve por fim a greve iniciada no dia 26 de abril. \u201cHoje [sexta] eles [reitores]conversaram com o comando de greve.\u00a0Os professores\u00a0aceitaram a proposta, por\u00e9m s\u00f3 na segunda-feira (6) para fechar o acordo\u201d, afirmou. BN<\/p>\n","protected":false},"excerpt":{"rendered":"<p>Professores acampados na Assembl\u00e9ia Legislativa \u00a0 O secret\u00e1rio de Rela\u00e7\u00f5es Institucionais do governo do estado, C\u00e9zar Lisboa, questionado pelo Bahia Not\u00edcias, afirmou que a reuni\u00e3o entre reitores e o comando da greve dos docentes de universidades estaduais, realizada na tarde desta sexta-feira (3),\u00a0foi positiva, e que a categoria deve fechar acordo j\u00e1 nesta segunda (6). [&hellip;]<\/p>\n","protected":false},"author":2,"featured_media":0,"comment_status":"open","ping_status":"open","sticky":false,"template":"","format":"standard","meta":{"footnotes":"","_links_to":"","_links_to_target":""},"categories":[1],"tags":[],"class_list":["post-5427","post","type-post","status-publish","format-standard","hentry","category-geral"],"views":1218,"_links":{"self":[{"href":"https:\/\/www.sudoestehoje.com.br\/novoportal\/wp-json\/wp\/v2\/posts\/5427","targetHints":{"allow":["GET"]}}],"collection":[{"href":"https:\/\/www.sudoestehoje.com.br\/novoportal\/wp-json\/wp\/v2\/posts"}],"about":[{"href":"https:\/\/www.sudoestehoje.com.br\/novoportal\/wp-json\/wp\/v2\/types\/post"}],"author":[{"embeddable":true,"href":"https:\/\/www.sudoestehoje.com.br\/novoportal\/wp-json\/wp\/v2\/users\/2"}],"replies":[{"embeddable":true,"href":"https:\/\/www.sudoestehoje.com.br\/novoportal\/wp-json\/wp\/v2\/comments?post=5427"}],"version-history":[{"count":4,"href":"https:\/\/www.sudoestehoje.com.br\/novoportal\/wp-json\/wp\/v2\/posts\/5427\/revisions"}],"predecessor-version":[{"id":5438,"href":"https:\/\/www.sudoestehoje.com.br\/novoportal\/wp-json\/wp\/v2\/posts\/5427\/revisions\/5438"}],"wp:attachment":[{"href":"https:\/\/www.sudoestehoje.com.br\/novoportal\/wp-json\/wp\/v2\/media?parent=5427"}],"wp:term":[{"taxonomy":"category","embeddable":true,"href":"https:\/\/www.sudoestehoje.com.br\/novoportal\/wp-json\/wp\/v2\/categories?post=5427"},{"taxonomy":"post_tag","embeddable":true,"href":"https:\/\/www.sudoestehoje.com.br\/novoportal\/wp-json\/wp\/v2\/tags?post=5427"}],"curies":[{"name":"wp","href":"https:\/\/api.w.org\/{rel}","templated":true}]}}