
{"id":5425,"date":"2011-06-04T00:01:20","date_gmt":"2011-06-04T03:01:20","guid":{"rendered":"http:\/\/www.sudoestehoje.com.br\/novoportal\/?p=5425"},"modified":"2011-06-04T00:01:20","modified_gmt":"2011-06-04T03:01:20","slug":"conquista-alianca-pt-pcdob-pode-ser-rompida","status":"publish","type":"post","link":"https:\/\/www.sudoestehoje.com.br\/novoportal\/2011\/06\/04\/conquista-alianca-pt-pcdob-pode-ser-rompida\/","title":{"rendered":"CONQUISTA: ALIAN\u00c7A PT &#8211; PCdoB PODE SER ROMPIDA"},"content":{"rendered":"<p style=\"text-align: center;\"><img decoding=\"async\" class=\"aligncenter\" src=\"http:\/\/oposicaoviva.files.wordpress.com\/2011\/02\/pt_x_pcdob.jpg\" alt=\"\" \/><\/p>\n<p style=\"text-align: center;\"><em><strong>PCdoB de lan\u00e7ar o deputado estadual Fabricio em 2012<\/strong><\/em><\/p>\n<p>\u00a0<\/p>\n<p>A proposta do PCdoB lan\u00e7ar a candidatura do deputado estadual Jean Fabr\u00edcio em Vit\u00f3ria da Conquista tem evolu\u00eddo dentro do seu partido. \u201c\u00c9 leg\u00edtimo que numa elei\u00e7\u00e3o de dois turnos que as for\u00e7as de esquerda possam se distribuir em duas ou tr\u00eas candidaturas, para medir suas for\u00e7as e voltem a se reagrupar num eventual segundo turno\u201d, afirma o presidente municipal do PCdoB, Marcos Andrade.<\/p>\n<p>Segundo o presidente, tem sido feito um esfor\u00e7o de dialogar com diversas for\u00e7as, em especial com o PT e o prefeito Guilherme Menezes (PT), no entanto n\u00e3o tem havido avan\u00e7os. \u201cNa verdade, o PT funciona numa l\u00f3gica de hegemonizar toda a estrutura pol\u00edtica que dirige e n\u00e3o abre espa\u00e7os para o fortalecimento das for\u00e7as aliadas. Somos tratados como coadjuvantes num projeto que ajudamos construir. Muitas vezes dentro do pr\u00f3prio governo somos vistos como advers\u00e1rios e nossas a\u00e7\u00f5es e projetos s\u00e3o retaliados ou boicotados\u201d, disse.<\/p>\n<p>Para Andrade, o PT deve abrir o \u201cdi\u00e1logo\u201d e mostrar se realmente quer manter a frente pol\u00edtica que j\u00e1 dura 14 anos. (Blog do Anderson)<\/p>\n","protected":false},"excerpt":{"rendered":"<p>PCdoB de lan\u00e7ar o deputado estadual Fabricio em 2012 \u00a0 A proposta do PCdoB lan\u00e7ar a candidatura do deputado estadual Jean Fabr\u00edcio em Vit\u00f3ria da Conquista tem evolu\u00eddo dentro do seu partido. \u201c\u00c9 leg\u00edtimo que numa elei\u00e7\u00e3o de dois turnos que as for\u00e7as de esquerda possam se distribuir em duas ou tr\u00eas candidaturas, para medir [&hellip;]<\/p>\n","protected":false},"author":2,"featured_media":0,"comment_status":"open","ping_status":"open","sticky":false,"template":"","format":"standard","meta":{"footnotes":"","_links_to":"","_links_to_target":""},"categories":[1],"tags":[],"class_list":["post-5425","post","type-post","status-publish","format-standard","hentry","category-geral"],"views":1098,"_links":{"self":[{"href":"https:\/\/www.sudoestehoje.com.br\/novoportal\/wp-json\/wp\/v2\/posts\/5425","targetHints":{"allow":["GET"]}}],"collection":[{"href":"https:\/\/www.sudoestehoje.com.br\/novoportal\/wp-json\/wp\/v2\/posts"}],"about":[{"href":"https:\/\/www.sudoestehoje.com.br\/novoportal\/wp-json\/wp\/v2\/types\/post"}],"author":[{"embeddable":true,"href":"https:\/\/www.sudoestehoje.com.br\/novoportal\/wp-json\/wp\/v2\/users\/2"}],"replies":[{"embeddable":true,"href":"https:\/\/www.sudoestehoje.com.br\/novoportal\/wp-json\/wp\/v2\/comments?post=5425"}],"version-history":[{"count":2,"href":"https:\/\/www.sudoestehoje.com.br\/novoportal\/wp-json\/wp\/v2\/posts\/5425\/revisions"}],"predecessor-version":[{"id":5437,"href":"https:\/\/www.sudoestehoje.com.br\/novoportal\/wp-json\/wp\/v2\/posts\/5425\/revisions\/5437"}],"wp:attachment":[{"href":"https:\/\/www.sudoestehoje.com.br\/novoportal\/wp-json\/wp\/v2\/media?parent=5425"}],"wp:term":[{"taxonomy":"category","embeddable":true,"href":"https:\/\/www.sudoestehoje.com.br\/novoportal\/wp-json\/wp\/v2\/categories?post=5425"},{"taxonomy":"post_tag","embeddable":true,"href":"https:\/\/www.sudoestehoje.com.br\/novoportal\/wp-json\/wp\/v2\/tags?post=5425"}],"curies":[{"name":"wp","href":"https:\/\/api.w.org\/{rel}","templated":true}]}}