
{"id":5422,"date":"2011-06-03T17:47:00","date_gmt":"2011-06-03T20:47:00","guid":{"rendered":"http:\/\/www.sudoestehoje.com.br\/novoportal\/?p=5422"},"modified":"2011-06-03T17:47:00","modified_gmt":"2011-06-03T20:47:00","slug":"noticia-quente-que-esfriou","status":"publish","type":"post","link":"https:\/\/www.sudoestehoje.com.br\/novoportal\/2011\/06\/03\/noticia-quente-que-esfriou\/","title":{"rendered":"NOT\u00cdCIA QUENTE QUE ESFRIOU"},"content":{"rendered":"<p style=\"text-align: center;\"><a id=\"apf2\" href=\"http:\/\/www.google.com.br\/imgres?imgurl=http:\/\/3.bp.blogspot.com\/-syRq4V67E_0\/TTrOpt9puXI\/AAAAAAAAAKA\/CWg9R2RSHoI\/s1600\/PLANTAO%2BDE%2BPOLICIA%2BONLINE.jpg&amp;imgrefurl=http:\/\/jaguaribenoticias.blogspot.com\/2011\/02\/plantao-policial-do-vale-do-jaguaribe_19.html&amp;usg=__7aMh-6o5mkmxMnkyFw16dEwZ174=&amp;h=233&amp;w=350&amp;sz=26&amp;hl=pt-BR&amp;start=3&amp;zoom=1&amp;itbs=1&amp;tbnid=STZp97jEEjaLMM:&amp;tbnh=80&amp;tbnw=120&amp;prev=\/search%3Fq%3Dplant%25C3%25A3o%2Bpolicial%26hl%3Dpt-BR%26sa%3DG%26gbv%3D2%26tbm%3Disch&amp;ei=DkjpTYWjAunk0QG1uIWSAQ\"><img loading=\"lazy\" decoding=\"async\" id=\"ipfSTZp97jEEjaLMM:\" class=\"aligncenter\" src=\"http:\/\/t1.gstatic.com\/images?q=tbn:ANd9GcS8cIsskLxnCuUNU0HFCHhy8m6SwNXRKfBqpJLS0lvI0zRlsp3pwWN0NA\" alt=\"\" width=\"120\" height=\"80\" \/><\/a><\/p>\n<p>Nos \u00faltimos 2 anos, a not\u00edcia policial mais &#8216;quente&#8217; publicada pelos blogs da nossa regi\u00e3o (Itapetinga), foi o caso da pris\u00e3o do Major Silv\u00e9rio e do Delegado Jacson Silva. Juntamente com eles, foram presos outros policiais de patente inferior, tamb\u00e9m nossos conhecidos, o que deixou toda a popula\u00e7\u00e3o de Itapetinga preocupada e de queixo ca\u00eddo. O <strong><em>Sudoeste Hoje<\/em><\/strong>, apesar de n\u00e3o atuar no notici\u00e1rio policial, como outros sites e blogs, deu prioridade total ao caso, pois entende que a sociedade precisa saber de todos os seus detalhes, e pelo envolvimento de autoridades policiais que\u00a0aqui atuaram, durante d\u00e9cadas. S\u00f3 n\u00e3o d\u00e1 para entender com \u00e9 que uma not\u00edcia quent\u00edssima somo esta, esfriou de vez nos\u00a0sites locais, cuja especialidade \u00e9 a not\u00edcia policial. Por que ser\u00e1?<\/p>\n","protected":false},"excerpt":{"rendered":"<p>Nos \u00faltimos 2 anos, a not\u00edcia policial mais &#8216;quente&#8217; publicada pelos blogs da nossa regi\u00e3o (Itapetinga), foi o caso da pris\u00e3o do Major Silv\u00e9rio e do Delegado Jacson Silva. Juntamente com eles, foram presos outros policiais de patente inferior, tamb\u00e9m nossos conhecidos, o que deixou toda a popula\u00e7\u00e3o de Itapetinga preocupada e de queixo ca\u00eddo. [&hellip;]<\/p>\n","protected":false},"author":2,"featured_media":0,"comment_status":"open","ping_status":"open","sticky":false,"template":"","format":"standard","meta":{"footnotes":"","_links_to":"","_links_to_target":""},"categories":[11],"tags":[],"class_list":["post-5422","post","type-post","status-publish","format-standard","hentry","category-quentinhas"],"views":1079,"_links":{"self":[{"href":"https:\/\/www.sudoestehoje.com.br\/novoportal\/wp-json\/wp\/v2\/posts\/5422","targetHints":{"allow":["GET"]}}],"collection":[{"href":"https:\/\/www.sudoestehoje.com.br\/novoportal\/wp-json\/wp\/v2\/posts"}],"about":[{"href":"https:\/\/www.sudoestehoje.com.br\/novoportal\/wp-json\/wp\/v2\/types\/post"}],"author":[{"embeddable":true,"href":"https:\/\/www.sudoestehoje.com.br\/novoportal\/wp-json\/wp\/v2\/users\/2"}],"replies":[{"embeddable":true,"href":"https:\/\/www.sudoestehoje.com.br\/novoportal\/wp-json\/wp\/v2\/comments?post=5422"}],"version-history":[{"count":2,"href":"https:\/\/www.sudoestehoje.com.br\/novoportal\/wp-json\/wp\/v2\/posts\/5422\/revisions"}],"predecessor-version":[{"id":5424,"href":"https:\/\/www.sudoestehoje.com.br\/novoportal\/wp-json\/wp\/v2\/posts\/5422\/revisions\/5424"}],"wp:attachment":[{"href":"https:\/\/www.sudoestehoje.com.br\/novoportal\/wp-json\/wp\/v2\/media?parent=5422"}],"wp:term":[{"taxonomy":"category","embeddable":true,"href":"https:\/\/www.sudoestehoje.com.br\/novoportal\/wp-json\/wp\/v2\/categories?post=5422"},{"taxonomy":"post_tag","embeddable":true,"href":"https:\/\/www.sudoestehoje.com.br\/novoportal\/wp-json\/wp\/v2\/tags?post=5422"}],"curies":[{"name":"wp","href":"https:\/\/api.w.org\/{rel}","templated":true}]}}