
{"id":54155,"date":"2015-12-11T19:49:55","date_gmt":"2015-12-11T22:49:55","guid":{"rendered":"http:\/\/www.sudoestehoje.com.br\/novoportal\/?p=54155"},"modified":"2015-12-11T19:49:55","modified_gmt":"2015-12-11T22:49:55","slug":"eleicoes-2016-katia-espinheira-cai-nos-bracos-de-ze-carlos-de-olho-na-candidatura","status":"publish","type":"post","link":"https:\/\/www.sudoestehoje.com.br\/novoportal\/2015\/12\/11\/eleicoes-2016-katia-espinheira-cai-nos-bracos-de-ze-carlos-de-olho-na-candidatura\/","title":{"rendered":"ELEI\u00c7\u00d5ES 2016: K\u00c1TIA ESPINHEIRA CAI NOS BRA\u00c7OS DE Z\u00c9 CARLOS DE OLHO NA CANDIDATURA"},"content":{"rendered":"<div id=\"attachment_54156\" style=\"width: 487px\" class=\"wp-caption aligncenter\"><a href=\"http:\/\/www.sudoestehoje.com.br\/novoportal\/wp-content\/uploads\/2015\/12\/KATIA.jpg\"><img loading=\"lazy\" decoding=\"async\" aria-describedby=\"caption-attachment-54156\" class=\"size-medium wp-image-54156\" src=\"http:\/\/www.sudoestehoje.com.br\/novoportal\/wp-content\/uploads\/2015\/12\/KATIA-477x700.jpg\" alt=\"K\u00c1TIA AO LADO DO PREFEITO Z\u00c9 CARLOS, EM UMA INAUGURA\u00c7\u00c3O NESTA SEXTA\" width=\"477\" height=\"700\" srcset=\"https:\/\/www.sudoestehoje.com.br\/novoportal\/wp-content\/uploads\/2015\/12\/KATIA-477x700.jpg 477w, https:\/\/www.sudoestehoje.com.br\/novoportal\/wp-content\/uploads\/2015\/12\/KATIA.jpg 613w\" sizes=\"auto, (max-width: 477px) 100vw, 477px\" \/><\/a><p id=\"caption-attachment-54156\" class=\"wp-caption-text\">K\u00c1TIA AO LADO DO PREFEITO Z\u00c9 CARLOS, EM UMA INAUGURA\u00c7\u00c3O NESTA SEXTA<\/p><\/div>\n<p>Quem ainda tinha alguma d\u00favida sobre o rumo pol\u00edtico da ex-gabiraba K\u00e1tia Espinheira, agora tem certeza de que ela desembarcou de vez no grupo do prefeito, na esperan\u00e7a de ser escolhida como candidata da situa\u00e7\u00e3o em 2016.<\/p>\n<p>Na foto acima, postada nas redes sociais, a ex-peemedebista aparece agarrada com Z\u00e9 Carlos, em uma inaugura\u00e7\u00e3o, na manh\u00e3 desta sexta-feira (11).<\/p>\n<p>K\u00e1tia \u00e9 filiada ao PTB e exerce o cargo de assessora parlamentar do deputado federal Ant\u00f4nio Brito, mas pelo que parece, vem tomando atitudes isoladamente, j\u00e1 que a dire\u00e7\u00e3o do PTB em Itapetinga nega qualquer alinhamento com o grupo do prefeito.<\/p>\n<p>O PTB deve se pronunciar sobre o assunto.<\/p>\n<p><strong><em>Por Davi Ferraz\u00a0<\/em><\/strong><\/p>\n","protected":false},"excerpt":{"rendered":"<p>Quem ainda tinha alguma d\u00favida sobre o rumo pol\u00edtico da ex-gabiraba K\u00e1tia Espinheira, agora tem certeza de que ela desembarcou de vez no grupo do prefeito, na esperan\u00e7a de ser escolhida como candidata da situa\u00e7\u00e3o em 2016. Na foto acima, postada nas redes sociais, a ex-peemedebista aparece agarrada com Z\u00e9 Carlos, em uma inaugura\u00e7\u00e3o, na [&hellip;]<\/p>\n","protected":false},"author":2,"featured_media":0,"comment_status":"open","ping_status":"open","sticky":false,"template":"","format":"standard","meta":{"footnotes":"","_links_to":"","_links_to_target":""},"categories":[1],"tags":[],"class_list":["post-54155","post","type-post","status-publish","format-standard","hentry","category-geral"],"views":2110,"_links":{"self":[{"href":"https:\/\/www.sudoestehoje.com.br\/novoportal\/wp-json\/wp\/v2\/posts\/54155","targetHints":{"allow":["GET"]}}],"collection":[{"href":"https:\/\/www.sudoestehoje.com.br\/novoportal\/wp-json\/wp\/v2\/posts"}],"about":[{"href":"https:\/\/www.sudoestehoje.com.br\/novoportal\/wp-json\/wp\/v2\/types\/post"}],"author":[{"embeddable":true,"href":"https:\/\/www.sudoestehoje.com.br\/novoportal\/wp-json\/wp\/v2\/users\/2"}],"replies":[{"embeddable":true,"href":"https:\/\/www.sudoestehoje.com.br\/novoportal\/wp-json\/wp\/v2\/comments?post=54155"}],"version-history":[{"count":2,"href":"https:\/\/www.sudoestehoje.com.br\/novoportal\/wp-json\/wp\/v2\/posts\/54155\/revisions"}],"predecessor-version":[{"id":54158,"href":"https:\/\/www.sudoestehoje.com.br\/novoportal\/wp-json\/wp\/v2\/posts\/54155\/revisions\/54158"}],"wp:attachment":[{"href":"https:\/\/www.sudoestehoje.com.br\/novoportal\/wp-json\/wp\/v2\/media?parent=54155"}],"wp:term":[{"taxonomy":"category","embeddable":true,"href":"https:\/\/www.sudoestehoje.com.br\/novoportal\/wp-json\/wp\/v2\/categories?post=54155"},{"taxonomy":"post_tag","embeddable":true,"href":"https:\/\/www.sudoestehoje.com.br\/novoportal\/wp-json\/wp\/v2\/tags?post=54155"}],"curies":[{"name":"wp","href":"https:\/\/api.w.org\/{rel}","templated":true}]}}