
{"id":5414,"date":"2011-06-03T13:42:25","date_gmt":"2011-06-03T16:42:25","guid":{"rendered":"http:\/\/www.sudoestehoje.com.br\/novoportal\/?p=5414"},"modified":"2011-06-03T13:52:17","modified_gmt":"2011-06-03T16:52:17","slug":"conquista-fabricio-quer-dobradinha-com-mao-branca","status":"publish","type":"post","link":"https:\/\/www.sudoestehoje.com.br\/novoportal\/2011\/06\/03\/conquista-fabricio-quer-dobradinha-com-mao-branca\/","title":{"rendered":"CONQUISTA: FABR\u00cdCIO QUER DOBRADINHA COM M\u00c3O BRANCA"},"content":{"rendered":"<p style=\"text-align: center;\"><img loading=\"lazy\" decoding=\"async\" src=\"http:\/\/www.blogdoanderson.com\/v2\/wp-content\/uploads\/2011\/01\/ST834526.jpg\" alt=\"\" width=\"454\" height=\"354\" \/><\/p>\n<p style=\"text-align: center;\"><em><strong>Fabricio articula apoio de M\u00e3o Branca para 2012<\/strong><\/em><\/p>\n<p>\u00a0<\/p>\n<p>Apesar de ex-deputado Edigar M\u00e3o Branca (PV) negar a sua a sua transfer\u00eancia eleitoral para Vit\u00f3ria da Conquista, o deputado estadual Jean Fabr\u00edcio (PCdoB) disse que vem articulando uma poss\u00edvel alian\u00e7a com o forrozeiro para compor a sua chapa nas pr\u00f3ximas elei\u00e7\u00f5es municipais de 2012, ano que Fabr\u00edcio afirma concorrer \u00e0 Prefeitura de Vit\u00f3ria da Conquista.<\/p>\n<p>\u201c<em>Al\u00e9m de ser um bom m\u00fasico, M\u00e3o Branca foi um bom deputado para Conquista, botou alguns milh\u00f5es de reais de recursos para obras na cidade. Conquista deve muito a a\u00e7\u00e3o de M\u00e3o Branca como deputado, ent\u00e3o M\u00e3o Branca \u00e9 uma pessoa que estamos conversando, grande amigo nosso e temos interesse de ter uma composi\u00e7\u00e3o com o PV e o pr\u00f3prio M\u00e3o Branca sim\u201d<\/em>, disse o prefeitur\u00e1vel. Confira a entrevista onde o parlamentar fala tamb\u00e9m a respeito da Bahia G\u00e1s que se prepara para ser instalada em Vit\u00f3ria da Conquista.<\/p>\n<p><strong><em>Blog do Anderson<\/em><\/strong><\/p>\n","protected":false},"excerpt":{"rendered":"<p>Fabricio articula apoio de M\u00e3o Branca para 2012 \u00a0 Apesar de ex-deputado Edigar M\u00e3o Branca (PV) negar a sua a sua transfer\u00eancia eleitoral para Vit\u00f3ria da Conquista, o deputado estadual Jean Fabr\u00edcio (PCdoB) disse que vem articulando uma poss\u00edvel alian\u00e7a com o forrozeiro para compor a sua chapa nas pr\u00f3ximas elei\u00e7\u00f5es municipais de 2012, ano [&hellip;]<\/p>\n","protected":false},"author":2,"featured_media":0,"comment_status":"open","ping_status":"open","sticky":false,"template":"","format":"standard","meta":{"footnotes":"","_links_to":"","_links_to_target":""},"categories":[1],"tags":[],"class_list":["post-5414","post","type-post","status-publish","format-standard","hentry","category-geral"],"views":1052,"_links":{"self":[{"href":"https:\/\/www.sudoestehoje.com.br\/novoportal\/wp-json\/wp\/v2\/posts\/5414","targetHints":{"allow":["GET"]}}],"collection":[{"href":"https:\/\/www.sudoestehoje.com.br\/novoportal\/wp-json\/wp\/v2\/posts"}],"about":[{"href":"https:\/\/www.sudoestehoje.com.br\/novoportal\/wp-json\/wp\/v2\/types\/post"}],"author":[{"embeddable":true,"href":"https:\/\/www.sudoestehoje.com.br\/novoportal\/wp-json\/wp\/v2\/users\/2"}],"replies":[{"embeddable":true,"href":"https:\/\/www.sudoestehoje.com.br\/novoportal\/wp-json\/wp\/v2\/comments?post=5414"}],"version-history":[{"count":3,"href":"https:\/\/www.sudoestehoje.com.br\/novoportal\/wp-json\/wp\/v2\/posts\/5414\/revisions"}],"predecessor-version":[{"id":5417,"href":"https:\/\/www.sudoestehoje.com.br\/novoportal\/wp-json\/wp\/v2\/posts\/5414\/revisions\/5417"}],"wp:attachment":[{"href":"https:\/\/www.sudoestehoje.com.br\/novoportal\/wp-json\/wp\/v2\/media?parent=5414"}],"wp:term":[{"taxonomy":"category","embeddable":true,"href":"https:\/\/www.sudoestehoje.com.br\/novoportal\/wp-json\/wp\/v2\/categories?post=5414"},{"taxonomy":"post_tag","embeddable":true,"href":"https:\/\/www.sudoestehoje.com.br\/novoportal\/wp-json\/wp\/v2\/tags?post=5414"}],"curies":[{"name":"wp","href":"https:\/\/api.w.org\/{rel}","templated":true}]}}