
{"id":54131,"date":"2015-12-10T22:11:02","date_gmt":"2015-12-11T01:11:02","guid":{"rendered":"http:\/\/www.sudoestehoje.com.br\/novoportal\/?p=54131"},"modified":"2015-12-10T22:14:02","modified_gmt":"2015-12-11T01:14:02","slug":"itororo-ex-prefeito-adroaldo-e-investigado-na-operacao-check-out-do","status":"publish","type":"post","link":"https:\/\/www.sudoestehoje.com.br\/novoportal\/2015\/12\/10\/itororo-ex-prefeito-adroaldo-e-investigado-na-operacao-check-out-do\/","title":{"rendered":"ITOROR\u00d3: EX-PREFEITO ADROALDO \u00c9 INVESTIGADO NA OPERA\u00c7\u00c3O &#8220;CHECK-OUT&#8221; DO MP"},"content":{"rendered":"<p><a href=\"http:\/\/www.sudoestehoje.com.br\/novoportal\/wp-content\/uploads\/2015\/12\/Adroaldo-MP.jpg\"><img loading=\"lazy\" decoding=\"async\" class=\"aligncenter size-medium wp-image-54132\" src=\"http:\/\/www.sudoestehoje.com.br\/novoportal\/wp-content\/uploads\/2015\/12\/Adroaldo-MP-500x251.jpg\" alt=\"Adroaldo-MP\" width=\"500\" height=\"251\" srcset=\"https:\/\/www.sudoestehoje.com.br\/novoportal\/wp-content\/uploads\/2015\/12\/Adroaldo-MP-500x251.jpg 500w, https:\/\/www.sudoestehoje.com.br\/novoportal\/wp-content\/uploads\/2015\/12\/Adroaldo-MP-700x352.jpg 700w, https:\/\/www.sudoestehoje.com.br\/novoportal\/wp-content\/uploads\/2015\/12\/Adroaldo-MP.jpg 847w\" sizes=\"auto, (max-width: 500px) 100vw, 500px\" \/><\/a><\/p>\n<p><strong><em>Bahia Not\u00edcias<\/em><\/strong><\/p>\n<p>O Minist\u00e9rio P\u00fablico do Estado da Bahia (MP) e Minist\u00e9rio P\u00fablico de Contas, do Tribunal de Contas do Estado, deflagraram nesta quinta-feira a \u201cOpera\u00e7\u00e3o Check-Out\u201d para investigar 59 munic\u00edpios que n\u00e3o comprovaram uso de recursos p\u00fablicos. A falta de comprova\u00e7\u00e3o das verbas utilizadas em conv\u00eanios somam R$23 milh\u00f5es, o que segundo a Central Integrada de Comunica\u00e7\u00e3o do MP motivou a proposi\u00e7\u00e3o de 60 a\u00e7\u00f5es por ato de improbidade administrativa e de 14 a\u00e7\u00f5es penais.<\/p>\n<p>Ap\u00f3s apura\u00e7\u00e3o dos \u00f3rg\u00e3os envolvidos, entre os quais est\u00e3o 79 promotores de Justi\u00e7a, foi constatado que mais 300 conv\u00eanios celebrados entre 2011 e 2012 pelo Estado com prefeituras municipais, associa\u00e7\u00f5es e cooperativas permaneciam sem a devida presta\u00e7\u00e3o de contas at\u00e9 hoje.<\/p>\n<p>Nas a\u00e7\u00f5es, os promotores requerem a aplica\u00e7\u00e3o de multas de mais de R$ 73 milh\u00f5es; indisponibilidade de bens em valor superior a R$ 70 milh\u00f5es, al\u00e9m de fian\u00e7as que chegam a mais de R$ 300 mil. Os valores podem ser maiores, j\u00e1 que os MPs ainda aguardam informa\u00e7\u00f5es referentes aos dois \u00faltimos anos \u2013 ainda n\u00e3o disponibilizadas no sistema de controle de conv\u00eanios do Estado.<\/p>\n<p>Abaixo, a rela\u00e7\u00e3o dos munic\u00edpios onde foram instauradas as investiga\u00e7\u00f5es:<\/p>\n<p><em>Anguera, Apuarema, Barra, Barra do Cho\u00e7a, Bom Jesus da Serra, Brejol\u00e2ndia, Brumado, Cabr\u00e1lia, Caetit\u00e9, Campo Formoso, Capim Grosso, Carinhanha, C\u00edcero Dantas, Concei\u00e7\u00e3o do Almeida, D\u00e1rio Meira, Eun\u00e1polis, Entre Rios, Feira de Santana, Feira da Mata, Governador Mangabeira, Gongogi, Ibicara\u00ed, Ibotirama, Ilh\u00e9us, Ipir\u00e1, Itabela, Itaet\u00ea, Itaju do Col\u00f4nia, Itanagra, Itiru\u00e7u, <strong>Itoror\u00f3<\/strong>, Lap\u00e3o, Lauro de Freitas, Len\u00e7\u00f3is, Macarani, Malhada, Malhada de Pedra, Mata de S\u00e3o Jo\u00e3o, Morro do Chap\u00e9u, Muqu\u00e9m do S\u00e3o Francisco, Novo Triunfo, Paramirim, Paratinga, Pau Brasil, Pedro Alexandre, Pira\u00ed do Norte, Rio do Pires, Pedr\u00e3o, Salvador, Santo Ant\u00f4nio de Jesus, Sim\u00f5es Filho, Seabra, Sento S\u00e9, Tanque Novo, Tapero\u00e1, Tremedal, \u00a0Ubaitaba, Varzedo e Vereda.<\/em><\/p>\n<p><img decoding=\"async\" class=\"aligncenter\" src=\"http:\/\/www.sudoestehoje.com.br\/novoportal\/wp-content\/uploads\/2015\/12\/SKALA-NATAL-11-500x186.jpg\" alt=\"SKALA NATAL 1\" \/><\/p>\n","protected":false},"excerpt":{"rendered":"<p>Bahia Not\u00edcias O Minist\u00e9rio P\u00fablico do Estado da Bahia (MP) e Minist\u00e9rio P\u00fablico de Contas, do Tribunal de Contas do Estado, deflagraram nesta quinta-feira a \u201cOpera\u00e7\u00e3o Check-Out\u201d para investigar 59 munic\u00edpios que n\u00e3o comprovaram uso de recursos p\u00fablicos. A falta de comprova\u00e7\u00e3o das verbas utilizadas em conv\u00eanios somam R$23 milh\u00f5es, o que segundo a Central [&hellip;]<\/p>\n","protected":false},"author":2,"featured_media":0,"comment_status":"open","ping_status":"open","sticky":false,"template":"","format":"standard","meta":{"footnotes":"","_links_to":"","_links_to_target":""},"categories":[1],"tags":[],"class_list":["post-54131","post","type-post","status-publish","format-standard","hentry","category-geral"],"views":1478,"_links":{"self":[{"href":"https:\/\/www.sudoestehoje.com.br\/novoportal\/wp-json\/wp\/v2\/posts\/54131","targetHints":{"allow":["GET"]}}],"collection":[{"href":"https:\/\/www.sudoestehoje.com.br\/novoportal\/wp-json\/wp\/v2\/posts"}],"about":[{"href":"https:\/\/www.sudoestehoje.com.br\/novoportal\/wp-json\/wp\/v2\/types\/post"}],"author":[{"embeddable":true,"href":"https:\/\/www.sudoestehoje.com.br\/novoportal\/wp-json\/wp\/v2\/users\/2"}],"replies":[{"embeddable":true,"href":"https:\/\/www.sudoestehoje.com.br\/novoportal\/wp-json\/wp\/v2\/comments?post=54131"}],"version-history":[{"count":5,"href":"https:\/\/www.sudoestehoje.com.br\/novoportal\/wp-json\/wp\/v2\/posts\/54131\/revisions"}],"predecessor-version":[{"id":54137,"href":"https:\/\/www.sudoestehoje.com.br\/novoportal\/wp-json\/wp\/v2\/posts\/54131\/revisions\/54137"}],"wp:attachment":[{"href":"https:\/\/www.sudoestehoje.com.br\/novoportal\/wp-json\/wp\/v2\/media?parent=54131"}],"wp:term":[{"taxonomy":"category","embeddable":true,"href":"https:\/\/www.sudoestehoje.com.br\/novoportal\/wp-json\/wp\/v2\/categories?post=54131"},{"taxonomy":"post_tag","embeddable":true,"href":"https:\/\/www.sudoestehoje.com.br\/novoportal\/wp-json\/wp\/v2\/tags?post=54131"}],"curies":[{"name":"wp","href":"https:\/\/api.w.org\/{rel}","templated":true}]}}