
{"id":54122,"date":"2015-12-10T21:22:21","date_gmt":"2015-12-11T00:22:21","guid":{"rendered":"http:\/\/www.sudoestehoje.com.br\/novoportal\/?p=54122"},"modified":"2015-12-10T21:26:15","modified_gmt":"2015-12-11T00:26:15","slug":"conquista-guilherme-oficializa-nome-de-odir-freire-para-sua-sucessao-ze-raimundo-e-excluido","status":"publish","type":"post","link":"https:\/\/www.sudoestehoje.com.br\/novoportal\/2015\/12\/10\/conquista-guilherme-oficializa-nome-de-odir-freire-para-sua-sucessao-ze-raimundo-e-excluido\/","title":{"rendered":"CONQUISTA: GUILHERME OFICIALIZA NOME DE ODIR FREIRE PARA SUA SUCESS\u00c3O; Z\u00c9 RAIMUNDO \u00c9 EXCLU\u00cdDO"},"content":{"rendered":"<p><a href=\"http:\/\/www.sudoestehoje.com.br\/novoportal\/wp-content\/uploads\/2015\/12\/odir.jpg\"><img loading=\"lazy\" decoding=\"async\" class=\"aligncenter size-medium wp-image-54123\" src=\"http:\/\/www.sudoestehoje.com.br\/novoportal\/wp-content\/uploads\/2015\/12\/odir-500x333.jpg\" alt=\"odir\" width=\"500\" height=\"333\" srcset=\"https:\/\/www.sudoestehoje.com.br\/novoportal\/wp-content\/uploads\/2015\/12\/odir-500x333.jpg 500w, https:\/\/www.sudoestehoje.com.br\/novoportal\/wp-content\/uploads\/2015\/12\/odir.jpg 530w\" sizes=\"auto, (max-width: 500px) 100vw, 500px\" \/><\/a><\/p>\n<p>Numa \u00fanica entrevista em que falou sobre as Elei\u00e7\u00f5es 2016, cujo o seu nome na \u00e9poca era apontado como o preferido pelo prefeito Guilherme Menezes de Andrade, Odir Freire Junior disse que a indica\u00e7\u00e3o seria do seu grupo, liderado pelo gestor conquistense.<\/p>\n<p>E, na noite desta quinta-feira (10), prestes a completar 73 anos de idade, Guilherme Menezes oficializou a pr\u00e9-candidatura de Odir, que hoje ocupa a chefia do Gabinete Civil da Prefeitura de Vit\u00f3ria da Conquista e tamb\u00e9m a secret\u00e1ria Municipal de Desenvolvimento Rural.<\/p>\n<p>De acordo com o presidente municipal do Partido dos Trabalhadores, Rudival Maturano Barbosa Filho, Odir junta-se a outros dois prefeitur\u00e1veis, sendo M\u00e1rcio Matos e Marcelo Neves.<\/p>\n<p>Nos meios pol\u00edticos conquistenses, entretanto, \u00e9 un\u00e2nime que o nome do ex-prefeito e deputado Z\u00e9 Raimundo (PT) \u00e9 o \u00fanico capaz de concorrer com o peemedebista Herzem Gusm\u00e3o, apesar da resist\u00eancia do prefeito Guilherme Menezes, que quer ver o velho &#8216;companheiro&#8217; pelas costas.<\/p>\n<p>Herzem \u00e9 tido como franco favorito e Guilherme tem feito de tudo para facilitar a sua elei\u00e7\u00e3o, indicando nomes sem nenhuma tradi\u00e7\u00e3o ou peso eleitoral para a disputa do ano que vem.<\/p>\n<p>V\u00e1 entender&#8230;<\/p>\n<p><strong><em>Por Davi Ferraz<\/em><\/strong><em> (Informa\u00e7\u00f5es Blog do Anderson)<\/em><\/p>\n<p><img decoding=\"async\" class=\"aligncenter\" src=\"http:\/\/www.sudoestehoje.com.br\/novoportal\/wp-content\/uploads\/2015\/12\/NATAL-SUPERMODA-500x167.jpg\" alt=\"NATAL SUPERMODA\" \/><\/p>\n","protected":false},"excerpt":{"rendered":"<p>Numa \u00fanica entrevista em que falou sobre as Elei\u00e7\u00f5es 2016, cujo o seu nome na \u00e9poca era apontado como o preferido pelo prefeito Guilherme Menezes de Andrade, Odir Freire Junior disse que a indica\u00e7\u00e3o seria do seu grupo, liderado pelo gestor conquistense. E, na noite desta quinta-feira (10), prestes a completar 73 anos de idade, [&hellip;]<\/p>\n","protected":false},"author":2,"featured_media":0,"comment_status":"open","ping_status":"open","sticky":false,"template":"","format":"standard","meta":{"footnotes":"","_links_to":"","_links_to_target":""},"categories":[1],"tags":[],"class_list":["post-54122","post","type-post","status-publish","format-standard","hentry","category-geral"],"views":1230,"_links":{"self":[{"href":"https:\/\/www.sudoestehoje.com.br\/novoportal\/wp-json\/wp\/v2\/posts\/54122","targetHints":{"allow":["GET"]}}],"collection":[{"href":"https:\/\/www.sudoestehoje.com.br\/novoportal\/wp-json\/wp\/v2\/posts"}],"about":[{"href":"https:\/\/www.sudoestehoje.com.br\/novoportal\/wp-json\/wp\/v2\/types\/post"}],"author":[{"embeddable":true,"href":"https:\/\/www.sudoestehoje.com.br\/novoportal\/wp-json\/wp\/v2\/users\/2"}],"replies":[{"embeddable":true,"href":"https:\/\/www.sudoestehoje.com.br\/novoportal\/wp-json\/wp\/v2\/comments?post=54122"}],"version-history":[{"count":3,"href":"https:\/\/www.sudoestehoje.com.br\/novoportal\/wp-json\/wp\/v2\/posts\/54122\/revisions"}],"predecessor-version":[{"id":54126,"href":"https:\/\/www.sudoestehoje.com.br\/novoportal\/wp-json\/wp\/v2\/posts\/54122\/revisions\/54126"}],"wp:attachment":[{"href":"https:\/\/www.sudoestehoje.com.br\/novoportal\/wp-json\/wp\/v2\/media?parent=54122"}],"wp:term":[{"taxonomy":"category","embeddable":true,"href":"https:\/\/www.sudoestehoje.com.br\/novoportal\/wp-json\/wp\/v2\/categories?post=54122"},{"taxonomy":"post_tag","embeddable":true,"href":"https:\/\/www.sudoestehoje.com.br\/novoportal\/wp-json\/wp\/v2\/tags?post=54122"}],"curies":[{"name":"wp","href":"https:\/\/api.w.org\/{rel}","templated":true}]}}