
{"id":5410,"date":"2011-06-03T13:41:20","date_gmt":"2011-06-03T16:41:20","guid":{"rendered":"http:\/\/www.sudoestehoje.com.br\/novoportal\/?p=5410"},"modified":"2011-06-03T13:41:20","modified_gmt":"2011-06-03T16:41:20","slug":"operacao-esfinge-promotora-pode-pedir-prorrogacao-das-prisoes","status":"publish","type":"post","link":"https:\/\/www.sudoestehoje.com.br\/novoportal\/2011\/06\/03\/operacao-esfinge-promotora-pode-pedir-prorrogacao-das-prisoes\/","title":{"rendered":"OPERA\u00c7\u00c3O ESFINGE: PROMOTORA PODE PEDIR PRORROGA\u00c7\u00c3O DAS PRIS\u00d5ES"},"content":{"rendered":"<p style=\"text-align: center;\"><img decoding=\"async\" src=\"http:\/\/www.jequiereporter.com.br\/blog\/wp-content\/uploads\/2011\/05\/Camacan-Pris%C3%B5es.JPG\" alt=\"\" \/><\/p>\n<p style=\"text-align: center;\"><em><strong>Delegado e major podem ter pris\u00f5es prorrogadas<\/strong><\/em><\/p>\n<p>\u00a0<\/p>\n<p>A promotora Ediene Louzado, do Grupo de Atua\u00e7\u00e3o Especial de Combate \u00e0s Organiza\u00e7\u00f5es Criminosas e de Investiga\u00e7\u00f5es Criminais (Gaeco), afirmou que vai avaliar\u00a0se pedir\u00e1 a renova\u00e7\u00e3o da pris\u00e3o tempor\u00e1ria dos presos na Opera\u00e7\u00e3o Esfinge. Na opera\u00e7\u00e3o, ocorrida na ter\u00e7a-feira, 13 policiais \u2013 entre eles o delegado Jackson Silva e o major da PM Jos\u00e9 Silv\u00e9rio de Almeida Neto \u2013 foram presos em Camacan, Sul da Bahia, acusados de acobertar esquemas de revenda de carga roubada para donos de supermercados do munic\u00edpio e tamb\u00e9m envolvimento em homic\u00eddios.<\/p>\n<p>\u201c<em>Amanh\u00e3 (hoje), vou analisar as provas do processo para identificar se vamos pedir a prorroga\u00e7\u00e3o de pris\u00e3o que vence amanh\u00e3<\/em>\u201d. Ontem, a promotora expediu cartas precat\u00f3rias para que v\u00edtimas do grupo criminoso sejam ouvidas pelos promotores do Minist\u00e9rio P\u00fablico nas cidades de Ilh\u00e9us, Itabuna, Canavieiras e Santa Luzia, todas no Sul do estado.<\/p>\n<p>Informa\u00e7\u00f5es do <strong><em>Correio.<\/em><\/strong><\/p>\n","protected":false},"excerpt":{"rendered":"<p>Delegado e major podem ter pris\u00f5es prorrogadas \u00a0 A promotora Ediene Louzado, do Grupo de Atua\u00e7\u00e3o Especial de Combate \u00e0s Organiza\u00e7\u00f5es Criminosas e de Investiga\u00e7\u00f5es Criminais (Gaeco), afirmou que vai avaliar\u00a0se pedir\u00e1 a renova\u00e7\u00e3o da pris\u00e3o tempor\u00e1ria dos presos na Opera\u00e7\u00e3o Esfinge. Na opera\u00e7\u00e3o, ocorrida na ter\u00e7a-feira, 13 policiais \u2013 entre eles o delegado Jackson [&hellip;]<\/p>\n","protected":false},"author":2,"featured_media":0,"comment_status":"open","ping_status":"open","sticky":false,"template":"","format":"standard","meta":{"footnotes":"","_links_to":"","_links_to_target":""},"categories":[1],"tags":[],"class_list":["post-5410","post","type-post","status-publish","format-standard","hentry","category-geral"],"views":1131,"_links":{"self":[{"href":"https:\/\/www.sudoestehoje.com.br\/novoportal\/wp-json\/wp\/v2\/posts\/5410","targetHints":{"allow":["GET"]}}],"collection":[{"href":"https:\/\/www.sudoestehoje.com.br\/novoportal\/wp-json\/wp\/v2\/posts"}],"about":[{"href":"https:\/\/www.sudoestehoje.com.br\/novoportal\/wp-json\/wp\/v2\/types\/post"}],"author":[{"embeddable":true,"href":"https:\/\/www.sudoestehoje.com.br\/novoportal\/wp-json\/wp\/v2\/users\/2"}],"replies":[{"embeddable":true,"href":"https:\/\/www.sudoestehoje.com.br\/novoportal\/wp-json\/wp\/v2\/comments?post=5410"}],"version-history":[{"count":2,"href":"https:\/\/www.sudoestehoje.com.br\/novoportal\/wp-json\/wp\/v2\/posts\/5410\/revisions"}],"predecessor-version":[{"id":5412,"href":"https:\/\/www.sudoestehoje.com.br\/novoportal\/wp-json\/wp\/v2\/posts\/5410\/revisions\/5412"}],"wp:attachment":[{"href":"https:\/\/www.sudoestehoje.com.br\/novoportal\/wp-json\/wp\/v2\/media?parent=5410"}],"wp:term":[{"taxonomy":"category","embeddable":true,"href":"https:\/\/www.sudoestehoje.com.br\/novoportal\/wp-json\/wp\/v2\/categories?post=5410"},{"taxonomy":"post_tag","embeddable":true,"href":"https:\/\/www.sudoestehoje.com.br\/novoportal\/wp-json\/wp\/v2\/tags?post=5410"}],"curies":[{"name":"wp","href":"https:\/\/api.w.org\/{rel}","templated":true}]}}