
{"id":54099,"date":"2015-12-09T23:04:42","date_gmt":"2015-12-10T02:04:42","guid":{"rendered":"http:\/\/www.sudoestehoje.com.br\/novoportal\/?p=54099"},"modified":"2015-12-09T23:07:04","modified_gmt":"2015-12-10T02:07:04","slug":"atleta-itapetinguense-sonha-com-ouro-no-rio-2016","status":"publish","type":"post","link":"https:\/\/www.sudoestehoje.com.br\/novoportal\/2015\/12\/09\/atleta-itapetinguense-sonha-com-ouro-no-rio-2016\/","title":{"rendered":"ATLETA ITAPETINGUENSE SONHA COM OURO NO RIO-2016"},"content":{"rendered":"<p><a href=\"http:\/\/www.sudoestehoje.com.br\/novoportal\/wp-content\/uploads\/2015\/12\/rene6.jpg\"><img loading=\"lazy\" decoding=\"async\" class=\"aligncenter size-medium wp-image-54100\" src=\"http:\/\/www.sudoestehoje.com.br\/novoportal\/wp-content\/uploads\/2015\/12\/rene6-500x239.jpg\" alt=\"rene6\" width=\"500\" height=\"239\" srcset=\"https:\/\/www.sudoestehoje.com.br\/novoportal\/wp-content\/uploads\/2015\/12\/rene6-500x239.jpg 500w, https:\/\/www.sudoestehoje.com.br\/novoportal\/wp-content\/uploads\/2015\/12\/rene6.jpg 690w\" sizes=\"auto, (max-width: 500px) 100vw, 500px\" \/><\/a><\/p>\n<p>Na \u00faltima segunda-feira (7), a p\u00e1gina eletr\u00f4nica do <strong><em>Globo Esportes<\/em><\/strong> publicou uma importante mat\u00e9ria sobre o para-atleta itapetinguense Ren\u00ea Pereira, classificado para disputar uma medalha nos Jogos Ol\u00edmpicos Rio-2016, na categoria Remo-Adaptado (Canoagem).<\/p>\n<p>Ren\u00ea \u00e9 filho do nosso amigo Renan Pereira, conhecido no mundo da pol\u00edtica e um dos nomes cogitados para disputar a elei\u00e7\u00e3o para prefeito, em 2016, pelas oposi\u00e7\u00f5es.<\/p>\n<p>Confira a mat\u00e9ria completa no <em><strong><span style=\"color: #0000ff;\"><a style=\"color: #0000ff;\" href=\"http:\/\/globoesporte.globo.com\/ba\/noticia\/2015\/12\/dor-paralisia-e-redencao-paratleta-baiano-sonha-com-ouro-no-rio-2016.html\">globoesporte.globo.com<\/a><\/span><\/strong><\/em><\/p>\n<p><img decoding=\"async\" class=\"aligncenter\" src=\"http:\/\/www.sudoestehoje.com.br\/novoportal\/wp-content\/uploads\/2015\/12\/FEIRA-DO-LAR-NOVO-BANNER-500x185.png\" alt=\"FEIRA DO LAR - NOVO BANNER\" \/><\/p>\n","protected":false},"excerpt":{"rendered":"<p>Na \u00faltima segunda-feira (7), a p\u00e1gina eletr\u00f4nica do Globo Esportes publicou uma importante mat\u00e9ria sobre o para-atleta itapetinguense Ren\u00ea Pereira, classificado para disputar uma medalha nos Jogos Ol\u00edmpicos Rio-2016, na categoria Remo-Adaptado (Canoagem). Ren\u00ea \u00e9 filho do nosso amigo Renan Pereira, conhecido no mundo da pol\u00edtica e um dos nomes cogitados para disputar a elei\u00e7\u00e3o [&hellip;]<\/p>\n","protected":false},"author":2,"featured_media":0,"comment_status":"open","ping_status":"open","sticky":false,"template":"","format":"standard","meta":{"footnotes":"","_links_to":"","_links_to_target":""},"categories":[1],"tags":[],"class_list":["post-54099","post","type-post","status-publish","format-standard","hentry","category-geral"],"views":1211,"_links":{"self":[{"href":"https:\/\/www.sudoestehoje.com.br\/novoportal\/wp-json\/wp\/v2\/posts\/54099","targetHints":{"allow":["GET"]}}],"collection":[{"href":"https:\/\/www.sudoestehoje.com.br\/novoportal\/wp-json\/wp\/v2\/posts"}],"about":[{"href":"https:\/\/www.sudoestehoje.com.br\/novoportal\/wp-json\/wp\/v2\/types\/post"}],"author":[{"embeddable":true,"href":"https:\/\/www.sudoestehoje.com.br\/novoportal\/wp-json\/wp\/v2\/users\/2"}],"replies":[{"embeddable":true,"href":"https:\/\/www.sudoestehoje.com.br\/novoportal\/wp-json\/wp\/v2\/comments?post=54099"}],"version-history":[{"count":4,"href":"https:\/\/www.sudoestehoje.com.br\/novoportal\/wp-json\/wp\/v2\/posts\/54099\/revisions"}],"predecessor-version":[{"id":54104,"href":"https:\/\/www.sudoestehoje.com.br\/novoportal\/wp-json\/wp\/v2\/posts\/54099\/revisions\/54104"}],"wp:attachment":[{"href":"https:\/\/www.sudoestehoje.com.br\/novoportal\/wp-json\/wp\/v2\/media?parent=54099"}],"wp:term":[{"taxonomy":"category","embeddable":true,"href":"https:\/\/www.sudoestehoje.com.br\/novoportal\/wp-json\/wp\/v2\/categories?post=54099"},{"taxonomy":"post_tag","embeddable":true,"href":"https:\/\/www.sudoestehoje.com.br\/novoportal\/wp-json\/wp\/v2\/tags?post=54099"}],"curies":[{"name":"wp","href":"https:\/\/api.w.org\/{rel}","templated":true}]}}