
{"id":54069,"date":"2015-12-09T22:06:10","date_gmt":"2015-12-10T01:06:10","guid":{"rendered":"http:\/\/www.sudoestehoje.com.br\/novoportal\/?p=54069"},"modified":"2015-12-10T12:50:08","modified_gmt":"2015-12-10T15:50:08","slug":"itapetinga-tj-suspende-liminar-que-bloqueou-bens-de-alecio-chaves-os-de-ze-carlos-continuam-bloqueados","status":"publish","type":"post","link":"https:\/\/www.sudoestehoje.com.br\/novoportal\/2015\/12\/09\/itapetinga-tj-suspende-liminar-que-bloqueou-bens-de-alecio-chaves-os-de-ze-carlos-continuam-bloqueados\/","title":{"rendered":"ITAPETINGA: TJ SUSPENDE LIMINAR QUE BLOQUEOU BENS DE AL\u00c9CIO CHAVES: OS DE Z\u00c9 CARLOS CONTINUAM BLOQUEADOS"},"content":{"rendered":"<p><del><a href=\"http:\/\/www.sudoestehoje.com.br\/novoportal\/wp-content\/uploads\/2015\/12\/alecio-1.jpg\"><img loading=\"lazy\" decoding=\"async\" class=\"aligncenter size-medium wp-image-54114\" src=\"http:\/\/www.sudoestehoje.com.br\/novoportal\/wp-content\/uploads\/2015\/12\/alecio-1-500x334.jpg\" alt=\"alecio 1\" width=\"500\" height=\"334\" \/><\/a><\/del><strong><em>Por Davi Ferraz<\/em><\/strong><\/p>\n<p>Uma nova decis\u00e3o proferida pela desembargadora Maria da Gra\u00e7a Os\u00f3rio Pimentel Leal, do Tribunal de Justi\u00e7a da Bahia, suspendeu, na \u00faltima sexta-feira (4), os efeitos da liminar concedida pela ju\u00edza da 1\u00aa Vara C\u00edvel da Comarca de Itapetinga, que havia tornado indispon\u00edveis os bens do vice-prefeito Al\u00e9cio Chaves (PSD), no montante de R$230 mil reais, na A\u00e7\u00e3o de Improbidade Administrativa movida pelo Minist\u00e9rio P\u00fablico da Bahia, por ac\u00famulo ilegal de cargos p\u00fablicos.<\/p>\n<p>PROCESSO CONTINUA<\/p>\n<p>A nova decis\u00e3o proferida em um Agravo de Instrumento impetrado por Al\u00e9cio Chaves, suspende os efeitos da liminar, mas a a\u00e7\u00e3o de Improbidade Administrativa continua correndo normalmente na Comarca de Itapetinga, contra ele o o prefeito Jos\u00e9 Carlos Moura, at\u00e9 final julgamento.<\/p>\n<p>BENS DE Z\u00c9 CARLOS BLOQUEADOS<\/p>\n<p>Por n\u00e3o ter recorrido da decis\u00e3o, o 2\u00ba R\u00e9u, o prefeito Jos\u00e9 Carlos Moura, continua com os bens bloqueados na mesma a\u00e7\u00e3o, podendo ao final ser tamb\u00e9m condenado, por ter nomeado Al\u00e9cio Chaves para o cargo de Secret\u00e1rio Municipal de Educa\u00e7\u00e3o, sem antes exigir o seu afastamento do cargo de professor da rede estadual.<\/p>\n<p>Confira abaixo o teor da decis\u00e3o do TJ<\/p>\n<p><em>&#8220;Entendo, assim, em cogni\u00e7\u00e3o sum\u00e1ria e na esteira de anteriores decis\u00f5es proferida nos Agravos n\u00ba 0015668-11.2014.805.0000 e n\u00ba 0025289-95.2015.805.0000 que trataram de mat\u00e9ria similar, tem-se como carecedora de real justificativa e de amparo legal a decis\u00e3o exarada pelo magistrado primevo. Ressalva-se que as considera\u00e7\u00f5es ora tecidas restringem-se a um ju\u00edzo de probabilidade emitido a partir de uma cogni\u00e7\u00e3o sum\u00e1ria (superficial), e, portanto, n\u00e3o indutora de coisa julgada. Sendo diversos os escopos jur\u00eddico e social das tutelas provis\u00f3rias e definitivas, salienta-se a precariedade da decis\u00e3o acerca da decis\u00e3o liminar, de finalidade provis\u00f3ria e instrumental, sendo, portanto, pass\u00edvel de modifica\u00e7\u00e3o at\u00e9 a prola\u00e7\u00e3o da decis\u00e3o final proferida com base em cogni\u00e7\u00e3o exauriente. Diante de tais considera\u00e7\u00f5es, defiro o pedido suspensivo pleiteado, para determinar que n\u00e3o ocorram bloqueios ou indisponibilidade sobre os bens do 1\u00ba R\u00e9u, aqui Agravante, Sr. Al\u00e9cio Silva Chaves. Cientifique-se o Juiz da causa do inteiro teor desta decis\u00e3o, para imediato\u00a0cumprimento, requisitando-lhe as informa\u00e7\u00f5es pertinentes no dec\u00eandio legal e intime-se o Agravado para o oferecimento de contra raz\u00f5es em id\u00eantico prazo. Por fim, retornem os autos conclusos. Publique-se. Intimem-se. Salvador, 4 de dezembro de 2015. Des\u00aa. Maria da Gra\u00e7a Os\u00f3rio Pimentel Leal Relatora&#8221;.<\/em><\/p>\n<p><a href=\"http:\/\/www.sudoestehoje.com.br\/novoportal\/wp-content\/uploads\/2015\/12\/rezende.png\"><img loading=\"lazy\" decoding=\"async\" class=\"aligncenter size-medium wp-image-54112\" src=\"http:\/\/www.sudoestehoje.com.br\/novoportal\/wp-content\/uploads\/2015\/12\/rezende-500x185.png\" alt=\"rezende\" width=\"500\" height=\"185\" srcset=\"https:\/\/www.sudoestehoje.com.br\/novoportal\/wp-content\/uploads\/2015\/12\/rezende-500x185.png 500w, https:\/\/www.sudoestehoje.com.br\/novoportal\/wp-content\/uploads\/2015\/12\/rezende-700x259.png 700w, https:\/\/www.sudoestehoje.com.br\/novoportal\/wp-content\/uploads\/2015\/12\/rezende.png 851w\" sizes=\"auto, (max-width: 500px) 100vw, 500px\" \/><\/a><\/p>\n","protected":false},"excerpt":{"rendered":"<p>Por Davi Ferraz Uma nova decis\u00e3o proferida pela desembargadora Maria da Gra\u00e7a Os\u00f3rio Pimentel Leal, do Tribunal de Justi\u00e7a da Bahia, suspendeu, na \u00faltima sexta-feira (4), os efeitos da liminar concedida pela ju\u00edza da 1\u00aa Vara C\u00edvel da Comarca de Itapetinga, que havia tornado indispon\u00edveis os bens do vice-prefeito Al\u00e9cio Chaves (PSD), no montante de [&hellip;]<\/p>\n","protected":false},"author":2,"featured_media":0,"comment_status":"open","ping_status":"open","sticky":false,"template":"","format":"standard","meta":{"footnotes":"","_links_to":"","_links_to_target":""},"categories":[1],"tags":[],"class_list":["post-54069","post","type-post","status-publish","format-standard","hentry","category-geral"],"views":1599,"_links":{"self":[{"href":"https:\/\/www.sudoestehoje.com.br\/novoportal\/wp-json\/wp\/v2\/posts\/54069","targetHints":{"allow":["GET"]}}],"collection":[{"href":"https:\/\/www.sudoestehoje.com.br\/novoportal\/wp-json\/wp\/v2\/posts"}],"about":[{"href":"https:\/\/www.sudoestehoje.com.br\/novoportal\/wp-json\/wp\/v2\/types\/post"}],"author":[{"embeddable":true,"href":"https:\/\/www.sudoestehoje.com.br\/novoportal\/wp-json\/wp\/v2\/users\/2"}],"replies":[{"embeddable":true,"href":"https:\/\/www.sudoestehoje.com.br\/novoportal\/wp-json\/wp\/v2\/comments?post=54069"}],"version-history":[{"count":7,"href":"https:\/\/www.sudoestehoje.com.br\/novoportal\/wp-json\/wp\/v2\/posts\/54069\/revisions"}],"predecessor-version":[{"id":54115,"href":"https:\/\/www.sudoestehoje.com.br\/novoportal\/wp-json\/wp\/v2\/posts\/54069\/revisions\/54115"}],"wp:attachment":[{"href":"https:\/\/www.sudoestehoje.com.br\/novoportal\/wp-json\/wp\/v2\/media?parent=54069"}],"wp:term":[{"taxonomy":"category","embeddable":true,"href":"https:\/\/www.sudoestehoje.com.br\/novoportal\/wp-json\/wp\/v2\/categories?post=54069"},{"taxonomy":"post_tag","embeddable":true,"href":"https:\/\/www.sudoestehoje.com.br\/novoportal\/wp-json\/wp\/v2\/tags?post=54069"}],"curies":[{"name":"wp","href":"https:\/\/api.w.org\/{rel}","templated":true}]}}