
{"id":54066,"date":"2015-12-09T13:01:17","date_gmt":"2015-12-09T16:01:17","guid":{"rendered":"http:\/\/www.sudoestehoje.com.br\/novoportal\/?p=54066"},"modified":"2015-12-09T13:01:17","modified_gmt":"2015-12-09T16:01:17","slug":"impeachment-pmdb-pede-substituicao-do-lider-da-bancada-na-camara","status":"publish","type":"post","link":"https:\/\/www.sudoestehoje.com.br\/novoportal\/2015\/12\/09\/impeachment-pmdb-pede-substituicao-do-lider-da-bancada-na-camara\/","title":{"rendered":"IMPEACHMENT: PMDB PEDE SUBSTITUI\u00c7\u00c3O DO L\u00cdDER DA BANCADA NA C\u00c2MARA"},"content":{"rendered":"<div id=\"attachment_54067\" style=\"width: 511px\" class=\"wp-caption aligncenter\"><a href=\"http:\/\/www.sudoestehoje.com.br\/novoportal\/wp-content\/uploads\/2015\/12\/QUINT\u00c3O.jpg\"><img loading=\"lazy\" decoding=\"async\" aria-describedby=\"caption-attachment-54067\" class=\" wp-image-54067\" src=\"http:\/\/www.sudoestehoje.com.br\/novoportal\/wp-content\/uploads\/2015\/12\/QUINT\u00c3O.jpg\" alt=\"O DEPUTADO LEONARDO QUINT\u00c3O \u00c9 O NOVO L\u00cdDER DO PMDB NA C\u00c2MARA\" width=\"501\" height=\"369\" \/><\/a><p id=\"caption-attachment-54067\" class=\"wp-caption-text\">O DEPUTADO LEONARDO QUINT\u00c3O \u00c9 O NOVO L\u00cdDER DO PMDB NA C\u00c2MARA<\/p><\/div>\n<p>O PMDB protocolou na manh\u00e3 desta quarta-feira (9) um pedido para substitui\u00e7\u00e3o do l\u00edder do partido na C\u00e2mara dos Deputados. Para ocupar o lugar de Leonardo Picciani (RJ), foi indicado o nome de Leonardo Quint\u00e3o (MG). &#8220;Eu sou o novo l\u00edder&#8221;, afirmou logo ap\u00f3s protocolar o documento.<\/p>\n<p>Ele entregou o requerimento na Secretaria-Geral da Mesa da C\u00e2mara dos Deputados acompanhado dos deputados Darc\u00edsio Perondi (RS) e Osmar Terra (RS). O documento tem a assinatura de 35 parlamentares do PMDB, uma a mais do que o necess\u00e1rio para substituir o l\u00edder, j\u00e1 que o partido tem 66 parlamentares.<\/p>\n<p>A mudan\u00e7a acontece ap\u00f3s a bancada da sigla contestar as indica\u00e7\u00f5es de Picciani para a comiss\u00e3o que vai analisar o pedido de impeachment da presidente Dilma Rousseff (PT). Pr\u00f3-governo, todos os 16 nomes apontados por ele eram de deputados contr\u00e1rios ao afastamento da presidente, incluindo os oito suplentes.<\/p>\n<p>A manobra fez dissidentes do partido se articularem para constituir uma nova chapa para compor a comiss\u00e3o que vai analisar o impeachment. O grupo de oposi\u00e7\u00e3o ao governo venceu a vota\u00e7\u00e3o realizada nesta ter\u00e7a-feira (8), ap\u00f3s confus\u00e3o no plen\u00e1rio.<\/p>\n<p><img decoding=\"async\" class=\"aligncenter\" src=\"http:\/\/www.sudoestehoje.com.br\/novoportal\/wp-content\/uploads\/2015\/12\/FEIRA-DO-LAR-NATAL-500x185.jpg\" alt=\"FEIRA DO LAR NATAL\" \/><\/p>\n<p>&nbsp;<\/p>\n","protected":false},"excerpt":{"rendered":"<p>O PMDB protocolou na manh\u00e3 desta quarta-feira (9) um pedido para substitui\u00e7\u00e3o do l\u00edder do partido na C\u00e2mara dos Deputados. Para ocupar o lugar de Leonardo Picciani (RJ), foi indicado o nome de Leonardo Quint\u00e3o (MG). &#8220;Eu sou o novo l\u00edder&#8221;, afirmou logo ap\u00f3s protocolar o documento. Ele entregou o requerimento na Secretaria-Geral da Mesa [&hellip;]<\/p>\n","protected":false},"author":2,"featured_media":0,"comment_status":"open","ping_status":"open","sticky":false,"template":"","format":"standard","meta":{"footnotes":"","_links_to":"","_links_to_target":""},"categories":[1],"tags":[],"class_list":["post-54066","post","type-post","status-publish","format-standard","hentry","category-geral"],"views":1414,"_links":{"self":[{"href":"https:\/\/www.sudoestehoje.com.br\/novoportal\/wp-json\/wp\/v2\/posts\/54066","targetHints":{"allow":["GET"]}}],"collection":[{"href":"https:\/\/www.sudoestehoje.com.br\/novoportal\/wp-json\/wp\/v2\/posts"}],"about":[{"href":"https:\/\/www.sudoestehoje.com.br\/novoportal\/wp-json\/wp\/v2\/types\/post"}],"author":[{"embeddable":true,"href":"https:\/\/www.sudoestehoje.com.br\/novoportal\/wp-json\/wp\/v2\/users\/2"}],"replies":[{"embeddable":true,"href":"https:\/\/www.sudoestehoje.com.br\/novoportal\/wp-json\/wp\/v2\/comments?post=54066"}],"version-history":[{"count":1,"href":"https:\/\/www.sudoestehoje.com.br\/novoportal\/wp-json\/wp\/v2\/posts\/54066\/revisions"}],"predecessor-version":[{"id":54068,"href":"https:\/\/www.sudoestehoje.com.br\/novoportal\/wp-json\/wp\/v2\/posts\/54066\/revisions\/54068"}],"wp:attachment":[{"href":"https:\/\/www.sudoestehoje.com.br\/novoportal\/wp-json\/wp\/v2\/media?parent=54066"}],"wp:term":[{"taxonomy":"category","embeddable":true,"href":"https:\/\/www.sudoestehoje.com.br\/novoportal\/wp-json\/wp\/v2\/categories?post=54066"},{"taxonomy":"post_tag","embeddable":true,"href":"https:\/\/www.sudoestehoje.com.br\/novoportal\/wp-json\/wp\/v2\/tags?post=54066"}],"curies":[{"name":"wp","href":"https:\/\/api.w.org\/{rel}","templated":true}]}}