
{"id":54048,"date":"2015-12-08T18:16:39","date_gmt":"2015-12-08T21:16:39","guid":{"rendered":"http:\/\/www.sudoestehoje.com.br\/novoportal\/?p=54048"},"modified":"2015-12-08T18:16:39","modified_gmt":"2015-12-08T21:16:39","slug":"chapa-de-oposicao-vence-por-272-a-199-eleicao-para-comissao-do-impeachment","status":"publish","type":"post","link":"https:\/\/www.sudoestehoje.com.br\/novoportal\/2015\/12\/08\/chapa-de-oposicao-vence-por-272-a-199-eleicao-para-comissao-do-impeachment\/","title":{"rendered":"CHAPA DE OPOSI\u00c7\u00c3O VENCE POR 272 A 199 ELEI\u00c7\u00c3O PARA COMISS\u00c3O DO IMPEACHMENT"},"content":{"rendered":"<div id=\"attachment_54049\" style=\"width: 510px\" class=\"wp-caption aligncenter\"><a href=\"http:\/\/www.sudoestehoje.com.br\/novoportal\/wp-content\/uploads\/2015\/12\/chaoa-2.jpg\"><img loading=\"lazy\" decoding=\"async\" aria-describedby=\"caption-attachment-54049\" class=\"size-medium wp-image-54049\" src=\"http:\/\/www.sudoestehoje.com.br\/novoportal\/wp-content\/uploads\/2015\/12\/chaoa-2-500x303.jpg\" alt=\"Sess\u00e3o para vota\u00e7\u00e3o dos integrantes da comiss\u00e3o especial destinada a dar parecer sobre o pedido de impeachment da presidente Dilma Rousseff  Data: 08\/12\/2015 - Foto: Lucio Bernardo Jr. \/ C\u00e2mara dos Deputados\" width=\"500\" height=\"303\" srcset=\"https:\/\/www.sudoestehoje.com.br\/novoportal\/wp-content\/uploads\/2015\/12\/chaoa-2-500x303.jpg 500w, https:\/\/www.sudoestehoje.com.br\/novoportal\/wp-content\/uploads\/2015\/12\/chaoa-2-700x424.jpg 700w, https:\/\/www.sudoestehoje.com.br\/novoportal\/wp-content\/uploads\/2015\/12\/chaoa-2.jpg 1500w\" sizes=\"auto, (max-width: 500px) 100vw, 500px\" \/><\/a><p id=\"caption-attachment-54049\" class=\"wp-caption-text\">Sess\u00e3o para vota\u00e7\u00e3o dos integrantes da comiss\u00e3o especial destinada a dar parecer sobre o pedido de impeachment da presidente Dilma Rousseff<\/p><\/div>\n<p>A &#8220;chapa 2&#8221;, composta por indica\u00e7\u00f5es n\u00e3o-governistas para integrar a comiss\u00e3o que vai analisar o pedido de impeachment da presidente Dilma Rousseff, venceu na noite desta ter\u00e7a-feira (8), no Plen\u00e1rio da C\u00e2mara.\u00a0De acordo com os oposicionistas na C\u00e2mara, integram a chapa 39 deputados indicados por PSDB, SD, DEM, PPS, PSC, PMDB, PHS, PP, PTB, PEN, PMB, PSB e PSD.<\/p>\n<p>Segundo os deputados, a chapa foi batizada de &#8220;Unindo o Brasil&#8221; e foi protocolada na C\u00e2mara \u00e0s 13h50 de hoje. Para poder participar da elei\u00e7\u00e3o do colegiado, que ter\u00e1 65 vagas, uma chapa precisa contar com pelo menos 33 indica\u00e7\u00f5es. O restante das vagas ser\u00e3o ocupadas por meio de uma nova elei\u00e7\u00e3o, apenas para os espa\u00e7os remanescentes de titulares e suplentes.<\/p>\n","protected":false},"excerpt":{"rendered":"<p>A &#8220;chapa 2&#8221;, composta por indica\u00e7\u00f5es n\u00e3o-governistas para integrar a comiss\u00e3o que vai analisar o pedido de impeachment da presidente Dilma Rousseff, venceu na noite desta ter\u00e7a-feira (8), no Plen\u00e1rio da C\u00e2mara.\u00a0De acordo com os oposicionistas na C\u00e2mara, integram a chapa 39 deputados indicados por PSDB, SD, DEM, PPS, PSC, PMDB, PHS, PP, PTB, PEN, [&hellip;]<\/p>\n","protected":false},"author":2,"featured_media":0,"comment_status":"open","ping_status":"open","sticky":false,"template":"","format":"standard","meta":{"footnotes":"","_links_to":"","_links_to_target":""},"categories":[1],"tags":[],"class_list":["post-54048","post","type-post","status-publish","format-standard","hentry","category-geral"],"views":1184,"_links":{"self":[{"href":"https:\/\/www.sudoestehoje.com.br\/novoportal\/wp-json\/wp\/v2\/posts\/54048","targetHints":{"allow":["GET"]}}],"collection":[{"href":"https:\/\/www.sudoestehoje.com.br\/novoportal\/wp-json\/wp\/v2\/posts"}],"about":[{"href":"https:\/\/www.sudoestehoje.com.br\/novoportal\/wp-json\/wp\/v2\/types\/post"}],"author":[{"embeddable":true,"href":"https:\/\/www.sudoestehoje.com.br\/novoportal\/wp-json\/wp\/v2\/users\/2"}],"replies":[{"embeddable":true,"href":"https:\/\/www.sudoestehoje.com.br\/novoportal\/wp-json\/wp\/v2\/comments?post=54048"}],"version-history":[{"count":2,"href":"https:\/\/www.sudoestehoje.com.br\/novoportal\/wp-json\/wp\/v2\/posts\/54048\/revisions"}],"predecessor-version":[{"id":54051,"href":"https:\/\/www.sudoestehoje.com.br\/novoportal\/wp-json\/wp\/v2\/posts\/54048\/revisions\/54051"}],"wp:attachment":[{"href":"https:\/\/www.sudoestehoje.com.br\/novoportal\/wp-json\/wp\/v2\/media?parent=54048"}],"wp:term":[{"taxonomy":"category","embeddable":true,"href":"https:\/\/www.sudoestehoje.com.br\/novoportal\/wp-json\/wp\/v2\/categories?post=54048"},{"taxonomy":"post_tag","embeddable":true,"href":"https:\/\/www.sudoestehoje.com.br\/novoportal\/wp-json\/wp\/v2\/tags?post=54048"}],"curies":[{"name":"wp","href":"https:\/\/api.w.org\/{rel}","templated":true}]}}