
{"id":54023,"date":"2015-12-07T00:01:14","date_gmt":"2015-12-07T03:01:14","guid":{"rendered":"http:\/\/www.sudoestehoje.com.br\/novoportal\/?p=54023"},"modified":"2015-12-06T23:47:21","modified_gmt":"2015-12-07T02:47:21","slug":"itapetinga-ze-carlos-vai-inaugurar-clinica-particular-como-obra-do-seu-governo","status":"publish","type":"post","link":"https:\/\/www.sudoestehoje.com.br\/novoportal\/2015\/12\/07\/itapetinga-ze-carlos-vai-inaugurar-clinica-particular-como-obra-do-seu-governo\/","title":{"rendered":"ITAPETINGA: Z\u00c9 CARLOS VAI INAUGURAR CL\u00cdNICA PARTICULAR COMO OBRA DO SEU GOVERNO"},"content":{"rendered":"<div id=\"attachment_54024\" style=\"width: 510px\" class=\"wp-caption aligncenter\"><a href=\"http:\/\/www.sudoestehoje.com.br\/novoportal\/wp-content\/uploads\/2015\/12\/SARE-1.jpg\"><img loading=\"lazy\" decoding=\"async\" aria-describedby=\"caption-attachment-54024\" class=\"size-medium wp-image-54024\" src=\"http:\/\/www.sudoestehoje.com.br\/novoportal\/wp-content\/uploads\/2015\/12\/SARE-1-500x300.jpg\" alt=\"CLINICA FICOU PRONTA, MAS PROMESSA DO PREFEITO N\u00c3O FOI CUMPRIDA\" width=\"500\" height=\"300\" srcset=\"https:\/\/www.sudoestehoje.com.br\/novoportal\/wp-content\/uploads\/2015\/12\/SARE-1-500x300.jpg 500w, https:\/\/www.sudoestehoje.com.br\/novoportal\/wp-content\/uploads\/2015\/12\/SARE-1-700x420.jpg 700w, https:\/\/www.sudoestehoje.com.br\/novoportal\/wp-content\/uploads\/2015\/12\/SARE-1.jpg 960w\" sizes=\"auto, (max-width: 500px) 100vw, 500px\" \/><\/a><p id=\"caption-attachment-54024\" class=\"wp-caption-text\">CLINICA FICOU PRONTA, MAS PROMESSA DO PREFEITO N\u00c3O FOI CUMPRIDA<\/p><\/div>\n<p>Seguindo a sua trajet\u00f3ria de inaugurar obras, sem fazer obras, o prefeito de Itapetinga, Jos\u00e9 Carlos Moura (PT), vai cortar a fita de inaugura\u00e7\u00e3o de uma cl\u00ednica particular de hemodi\u00e1lise, constru\u00edda por um grupo m\u00e9dico empresarial de Vit\u00f3ria da Conquista, no bairro abandonado do Recanto da Colina.<\/p>\n<div id=\"attachment_54025\" style=\"width: 510px\" class=\"wp-caption aligncenter\"><a href=\"http:\/\/www.sudoestehoje.com.br\/novoportal\/wp-content\/uploads\/2015\/12\/SARE-6.jpg\"><img loading=\"lazy\" decoding=\"async\" aria-describedby=\"caption-attachment-54025\" class=\"size-medium wp-image-54025\" src=\"http:\/\/www.sudoestehoje.com.br\/novoportal\/wp-content\/uploads\/2015\/12\/SARE-6-500x334.jpg\" alt=\"PREFEITO FOI PEDIR, PESSOALMENTE, PARA INAUGURAR CL\u00cdNICA EM 11 DE DEZEMBRO\" width=\"500\" height=\"334\" srcset=\"https:\/\/www.sudoestehoje.com.br\/novoportal\/wp-content\/uploads\/2015\/12\/SARE-6-500x334.jpg 500w, https:\/\/www.sudoestehoje.com.br\/novoportal\/wp-content\/uploads\/2015\/12\/SARE-6.jpg 640w\" sizes=\"auto, (max-width: 500px) 100vw, 500px\" \/><\/a><p id=\"caption-attachment-54025\" class=\"wp-caption-text\">PREFEITO FOI PEDIR, PESSOALMENTE, PARA INAUGURAR CL\u00cdNICA EM 11 DE DEZEMBRO<\/p><\/div>\n<p>A inaugura\u00e7\u00e3o, que inicialmente estava prevista para janeiro de 2016, foi antecipada a pedido do pr\u00f3prio prefeito, para o dia 11 de dezembro, nas comemora\u00e7\u00f5es do anivers\u00e1rio da cidade, numa jogada meramente publicit\u00e1ria, para dar a impress\u00e3o de que ele est\u00e1 atraindo investimentos para a cidade, o que nunca fez.<\/p>\n<p>ACORDO N\u00c3O CUMPRIDO<\/p>\n<div id=\"attachment_54029\" style=\"width: 510px\" class=\"wp-caption aligncenter\"><a href=\"http:\/\/www.sudoestehoje.com.br\/novoportal\/wp-content\/uploads\/2015\/12\/SARE-7.jpg\"><img loading=\"lazy\" decoding=\"async\" aria-describedby=\"caption-attachment-54029\" class=\"size-medium wp-image-54029\" src=\"http:\/\/www.sudoestehoje.com.br\/novoportal\/wp-content\/uploads\/2015\/12\/SARE-7-500x300.jpg\" alt=\"REDE DE ESGOTOS PROMETIDAS POR Z\u00c9 CARLOS FOI BANCADA PELO DONO DA CL\u00cdNICA\" width=\"500\" height=\"300\" srcset=\"https:\/\/www.sudoestehoje.com.br\/novoportal\/wp-content\/uploads\/2015\/12\/SARE-7-500x300.jpg 500w, https:\/\/www.sudoestehoje.com.br\/novoportal\/wp-content\/uploads\/2015\/12\/SARE-7-700x420.jpg 700w, https:\/\/www.sudoestehoje.com.br\/novoportal\/wp-content\/uploads\/2015\/12\/SARE-7.jpg 960w\" sizes=\"auto, (max-width: 500px) 100vw, 500px\" \/><\/a><p id=\"caption-attachment-54029\" class=\"wp-caption-text\">REDE DE ESGOTOS PROMETIDAS POR Z\u00c9 CARLOS FOI BANCADA PELO DONO DA CL\u00cdNICA<\/p><\/div>\n<p>H\u00e1 cerca de 3 anos, os propriet\u00e1rios da cl\u00ednica Sare procuraram o prefeito Z\u00e9 Carlos, em seu gabinete, solicitando que a prefeitura realizasse as obras de infraestrutura necess\u00e1rias no bairro, como esgoto, asfaltamento e jardinagem, o que foi prontamente &#8216;garantido&#8217; pelo chefe do executivo, que enxergou a vinda do novo empreendimento como uma boa oportunidade para capitalizar politicamente o seu grupo.<\/p>\n<div id=\"attachment_54031\" style=\"width: 510px\" class=\"wp-caption aligncenter\"><a href=\"http:\/\/www.sudoestehoje.com.br\/novoportal\/wp-content\/uploads\/2015\/12\/SARE-4.jpg\"><img loading=\"lazy\" decoding=\"async\" aria-describedby=\"caption-attachment-54031\" class=\"size-medium wp-image-54031\" src=\"http:\/\/www.sudoestehoje.com.br\/novoportal\/wp-content\/uploads\/2015\/12\/SARE-4-500x300.jpg\" alt=\"ESTACIONAMENTO DA CLINICA N\u00c3O FOI CONCLU\u00cdDO\" width=\"500\" height=\"300\" srcset=\"https:\/\/www.sudoestehoje.com.br\/novoportal\/wp-content\/uploads\/2015\/12\/SARE-4-500x300.jpg 500w, https:\/\/www.sudoestehoje.com.br\/novoportal\/wp-content\/uploads\/2015\/12\/SARE-4-700x420.jpg 700w, https:\/\/www.sudoestehoje.com.br\/novoportal\/wp-content\/uploads\/2015\/12\/SARE-4.jpg 960w\" sizes=\"auto, (max-width: 500px) 100vw, 500px\" \/><\/a><p id=\"caption-attachment-54031\" class=\"wp-caption-text\">ESTACIONAMENTO DA CLINICA N\u00c3O FOI CONCLU\u00cdDO<\/p><\/div>\n<p>Conclu\u00edda a obra, em outubro deste ano, o propriet\u00e1rio da cl\u00ednica foi obrigado a bancar a constru\u00e7\u00e3o do esgoto, vez que o diretor do SAAE, Dr. Tiquinho, alegou n\u00e3o dispor de recursos para cumprir o que o prefeito prometeu. Chegou a mandar o dono da cl\u00ednica procurar o prefeito, para que ele cumprisse o que prometeu. Sem sa\u00edda, os empres\u00e1rios resolveram bancar a obra, e cerca de 700 metros de rede de esgotos foram implantados no bairro, por conta pr\u00f3pria.<\/p>\n<p>SEM PAVIMENTA\u00c7\u00c3O E JARDINAGEM<\/p>\n<div id=\"attachment_54027\" style=\"width: 510px\" class=\"wp-caption aligncenter\"><a href=\"http:\/\/www.sudoestehoje.com.br\/novoportal\/wp-content\/uploads\/2015\/12\/SARE-3.jpg\"><img loading=\"lazy\" decoding=\"async\" aria-describedby=\"caption-attachment-54027\" class=\"size-medium wp-image-54027\" src=\"http:\/\/www.sudoestehoje.com.br\/novoportal\/wp-content\/uploads\/2015\/12\/SARE-3-500x300.jpg\" alt=\"REFORMA DA PRA\u00c7A N\u00c3O FOI FEITA, COMO PROMETEU O PREFEITO\" width=\"500\" height=\"300\" srcset=\"https:\/\/www.sudoestehoje.com.br\/novoportal\/wp-content\/uploads\/2015\/12\/SARE-3-500x300.jpg 500w, https:\/\/www.sudoestehoje.com.br\/novoportal\/wp-content\/uploads\/2015\/12\/SARE-3-700x420.jpg 700w, https:\/\/www.sudoestehoje.com.br\/novoportal\/wp-content\/uploads\/2015\/12\/SARE-3.jpg 960w\" sizes=\"auto, (max-width: 500px) 100vw, 500px\" \/><\/a><p id=\"caption-attachment-54027\" class=\"wp-caption-text\">REFORMA DA PRA\u00c7A N\u00c3O FOI FEITA, COMO PROMETEU O PREFEITO<\/p><\/div>\n<p>No final de novembro passado, quando o prefeito pediu para inaugurar a obra no anivers\u00e1rio da cidade, o diretor da cl\u00ednica voltou a reivindicar o asfaltamento da pra\u00e7a e a reforma do jardim que est\u00e1 totalmente abandonado e depredado, o que foi motivo de novo constrangimento, com Z\u00e9 Carlos alegando que n\u00e3o tinha recursos, mas prometendo faz\u00ea-lo &#8220;s\u00f3 a partir de janeiro de 2016&#8221;, outra promessa vazia e sem nenhuma garantia de que ser\u00e1 cumprida.<\/p>\n<div id=\"attachment_54028\" style=\"width: 510px\" class=\"wp-caption aligncenter\"><a href=\"http:\/\/www.sudoestehoje.com.br\/novoportal\/wp-content\/uploads\/2015\/12\/SARE-5.jpg\"><img loading=\"lazy\" decoding=\"async\" aria-describedby=\"caption-attachment-54028\" class=\"size-medium wp-image-54028\" src=\"http:\/\/www.sudoestehoje.com.br\/novoportal\/wp-content\/uploads\/2015\/12\/SARE-5-500x300.jpg\" alt=\"A BELA PRA\u00c7A, ANTES CONSERVADA E GRAMADA, EST\u00c1 TODA DESTRU\u00cdDA\" width=\"500\" height=\"300\" srcset=\"https:\/\/www.sudoestehoje.com.br\/novoportal\/wp-content\/uploads\/2015\/12\/SARE-5-500x300.jpg 500w, https:\/\/www.sudoestehoje.com.br\/novoportal\/wp-content\/uploads\/2015\/12\/SARE-5-700x420.jpg 700w, https:\/\/www.sudoestehoje.com.br\/novoportal\/wp-content\/uploads\/2015\/12\/SARE-5.jpg 960w\" sizes=\"auto, (max-width: 500px) 100vw, 500px\" \/><\/a><p id=\"caption-attachment-54028\" class=\"wp-caption-text\">A BELA PRA\u00c7A, ANTES CONSERVADA E GRAMADA, EST\u00c1 TODA DESTRU\u00cdDA<\/p><\/div>\n<p>Com isto, a bel\u00edssima cl\u00ednica, constru\u00edda e equipada com custos acima de R$ 4 milh\u00f5es, ser\u00e1 inaugurada pelo prefeito e sua tropa de caras de pau, no meio da poeira (ou lama, se chover), para indigna\u00e7\u00e3o do grupo de investidores que acreditou nas promessas irrespons\u00e1veis de um gestor oportunista e mal intencionado.<\/p>\n<p>Fazer o que?<\/p>\n<p><strong><em>Por Davi Ferraz<\/em><\/strong><\/p>\n<p><img decoding=\"async\" class=\"aligncenter\" src=\"http:\/\/www.sudoestehoje.com.br\/novoportal\/wp-content\/uploads\/2015\/05\/rezende-500x163-500x163.jpg\" alt=\"rezende-500x163\" \/><\/p>\n","protected":false},"excerpt":{"rendered":"<p>Seguindo a sua trajet\u00f3ria de inaugurar obras, sem fazer obras, o prefeito de Itapetinga, Jos\u00e9 Carlos Moura (PT), vai cortar a fita de inaugura\u00e7\u00e3o de uma cl\u00ednica particular de hemodi\u00e1lise, constru\u00edda por um grupo m\u00e9dico empresarial de Vit\u00f3ria da Conquista, no bairro abandonado do Recanto da Colina. A inaugura\u00e7\u00e3o, que inicialmente estava prevista para janeiro [&hellip;]<\/p>\n","protected":false},"author":2,"featured_media":0,"comment_status":"open","ping_status":"open","sticky":false,"template":"","format":"standard","meta":{"footnotes":"","_links_to":"","_links_to_target":""},"categories":[1],"tags":[],"class_list":["post-54023","post","type-post","status-publish","format-standard","hentry","category-geral"],"views":1763,"_links":{"self":[{"href":"https:\/\/www.sudoestehoje.com.br\/novoportal\/wp-json\/wp\/v2\/posts\/54023","targetHints":{"allow":["GET"]}}],"collection":[{"href":"https:\/\/www.sudoestehoje.com.br\/novoportal\/wp-json\/wp\/v2\/posts"}],"about":[{"href":"https:\/\/www.sudoestehoje.com.br\/novoportal\/wp-json\/wp\/v2\/types\/post"}],"author":[{"embeddable":true,"href":"https:\/\/www.sudoestehoje.com.br\/novoportal\/wp-json\/wp\/v2\/users\/2"}],"replies":[{"embeddable":true,"href":"https:\/\/www.sudoestehoje.com.br\/novoportal\/wp-json\/wp\/v2\/comments?post=54023"}],"version-history":[{"count":2,"href":"https:\/\/www.sudoestehoje.com.br\/novoportal\/wp-json\/wp\/v2\/posts\/54023\/revisions"}],"predecessor-version":[{"id":54033,"href":"https:\/\/www.sudoestehoje.com.br\/novoportal\/wp-json\/wp\/v2\/posts\/54023\/revisions\/54033"}],"wp:attachment":[{"href":"https:\/\/www.sudoestehoje.com.br\/novoportal\/wp-json\/wp\/v2\/media?parent=54023"}],"wp:term":[{"taxonomy":"category","embeddable":true,"href":"https:\/\/www.sudoestehoje.com.br\/novoportal\/wp-json\/wp\/v2\/categories?post=54023"},{"taxonomy":"post_tag","embeddable":true,"href":"https:\/\/www.sudoestehoje.com.br\/novoportal\/wp-json\/wp\/v2\/tags?post=54023"}],"curies":[{"name":"wp","href":"https:\/\/api.w.org\/{rel}","templated":true}]}}