
{"id":54016,"date":"2015-12-06T20:42:29","date_gmt":"2015-12-06T23:42:29","guid":{"rendered":"http:\/\/www.sudoestehoje.com.br\/novoportal\/?p=54016"},"modified":"2015-12-06T21:12:16","modified_gmt":"2015-12-07T00:12:16","slug":"promotor-de-justica-e-vitima-de-sequestro-em-feira-de-santana","status":"publish","type":"post","link":"https:\/\/www.sudoestehoje.com.br\/novoportal\/2015\/12\/06\/promotor-de-justica-e-vitima-de-sequestro-em-feira-de-santana\/","title":{"rendered":"PROMOTOR DE JUSTI\u00c7A \u00c9 V\u00cdTIMA DE SEQUESTRO EM FEIRA DE SANTANA"},"content":{"rendered":"<p><a href=\"http:\/\/www.sudoestehoje.com.br\/novoportal\/wp-content\/uploads\/2015\/12\/PROMOTOR.jpg\"><img loading=\"lazy\" decoding=\"async\" class=\"aligncenter size-medium wp-image-54017\" src=\"http:\/\/www.sudoestehoje.com.br\/novoportal\/wp-content\/uploads\/2015\/12\/PROMOTOR-500x375.jpg\" alt=\"PROMOTOR\" width=\"500\" height=\"375\" srcset=\"https:\/\/www.sudoestehoje.com.br\/novoportal\/wp-content\/uploads\/2015\/12\/PROMOTOR-500x375.jpg 500w, https:\/\/www.sudoestehoje.com.br\/novoportal\/wp-content\/uploads\/2015\/12\/PROMOTOR-700x525.jpg 700w, https:\/\/www.sudoestehoje.com.br\/novoportal\/wp-content\/uploads\/2015\/12\/PROMOTOR.jpg 800w\" sizes=\"auto, (max-width: 500px) 100vw, 500px\" \/><\/a><\/p>\n<p>Ap\u00f3s sair de uma festa, na madrugada de ontem, em Feira de Santana, o promotor p\u00fablico Audo da Silva Rodrigues, 41, ficou cerca de uma hora sob a mira de rev\u00f3lveres dentro de seu carro. Atuando no Minist\u00e9rio P\u00fablico da cidade h\u00e1 cinco anos, ele temeu ser reconhecido pelos bandidos durante a a\u00e7\u00e3o.<\/p>\n<p>\u201cEles perguntaram minha profiss\u00e3o e eu disse que era advogado. Eu fiquei com medo deles descobrirem minha real profiss\u00e3o. Al\u00e9m disso, a arma que eu uso (uma pistola) estava guardada em um compartimento do carro. Temi que eles encontrassem\u201d, contou o promotor, ontem, por telefone, ao Correio.<\/p>\n<p>Audo relatou que os ladr\u00f5es estavam \u00e0 sua espera atr\u00e1s do autom\u00f3vel, uma Amarok branca, de placa OUS 8994, que, at\u00e9 o fechamento desta edi\u00e7\u00e3o, n\u00e3o havia sido recuperada pela pol\u00edcia.<\/p>\n<p><a href=\"http:\/\/www.sudoestehoje.com.br\/novoportal\/wp-content\/uploads\/2015\/12\/SKALA-NATAL-11.jpg\"><img loading=\"lazy\" decoding=\"async\" class=\"aligncenter size-medium wp-image-54021\" src=\"http:\/\/www.sudoestehoje.com.br\/novoportal\/wp-content\/uploads\/2015\/12\/SKALA-NATAL-11-500x186.jpg\" alt=\"SKALA NATAL 1\" width=\"500\" height=\"186\" srcset=\"https:\/\/www.sudoestehoje.com.br\/novoportal\/wp-content\/uploads\/2015\/12\/SKALA-NATAL-11-500x186.jpg 500w, https:\/\/www.sudoestehoje.com.br\/novoportal\/wp-content\/uploads\/2015\/12\/SKALA-NATAL-11-700x260.jpg 700w, https:\/\/www.sudoestehoje.com.br\/novoportal\/wp-content\/uploads\/2015\/12\/SKALA-NATAL-11.jpg 900w\" sizes=\"auto, (max-width: 500px) 100vw, 500px\" \/><\/a><\/p>\n","protected":false},"excerpt":{"rendered":"<p>Ap\u00f3s sair de uma festa, na madrugada de ontem, em Feira de Santana, o promotor p\u00fablico Audo da Silva Rodrigues, 41, ficou cerca de uma hora sob a mira de rev\u00f3lveres dentro de seu carro. Atuando no Minist\u00e9rio P\u00fablico da cidade h\u00e1 cinco anos, ele temeu ser reconhecido pelos bandidos durante a a\u00e7\u00e3o. \u201cEles perguntaram [&hellip;]<\/p>\n","protected":false},"author":2,"featured_media":0,"comment_status":"open","ping_status":"open","sticky":false,"template":"","format":"standard","meta":{"footnotes":"","_links_to":"","_links_to_target":""},"categories":[1],"tags":[],"class_list":["post-54016","post","type-post","status-publish","format-standard","hentry","category-geral"],"views":1602,"_links":{"self":[{"href":"https:\/\/www.sudoestehoje.com.br\/novoportal\/wp-json\/wp\/v2\/posts\/54016","targetHints":{"allow":["GET"]}}],"collection":[{"href":"https:\/\/www.sudoestehoje.com.br\/novoportal\/wp-json\/wp\/v2\/posts"}],"about":[{"href":"https:\/\/www.sudoestehoje.com.br\/novoportal\/wp-json\/wp\/v2\/types\/post"}],"author":[{"embeddable":true,"href":"https:\/\/www.sudoestehoje.com.br\/novoportal\/wp-json\/wp\/v2\/users\/2"}],"replies":[{"embeddable":true,"href":"https:\/\/www.sudoestehoje.com.br\/novoportal\/wp-json\/wp\/v2\/comments?post=54016"}],"version-history":[{"count":3,"href":"https:\/\/www.sudoestehoje.com.br\/novoportal\/wp-json\/wp\/v2\/posts\/54016\/revisions"}],"predecessor-version":[{"id":54022,"href":"https:\/\/www.sudoestehoje.com.br\/novoportal\/wp-json\/wp\/v2\/posts\/54016\/revisions\/54022"}],"wp:attachment":[{"href":"https:\/\/www.sudoestehoje.com.br\/novoportal\/wp-json\/wp\/v2\/media?parent=54016"}],"wp:term":[{"taxonomy":"category","embeddable":true,"href":"https:\/\/www.sudoestehoje.com.br\/novoportal\/wp-json\/wp\/v2\/categories?post=54016"},{"taxonomy":"post_tag","embeddable":true,"href":"https:\/\/www.sudoestehoje.com.br\/novoportal\/wp-json\/wp\/v2\/tags?post=54016"}],"curies":[{"name":"wp","href":"https:\/\/api.w.org\/{rel}","templated":true}]}}